{"id":993,"date":"2024-05-23T08:56:06","date_gmt":"2024-05-23T06:56:06","guid":{"rendered":"https:\/\/radiounion.es\/?p=993"},"modified":"2024-05-23T12:30:46","modified_gmt":"2024-05-23T10:30:46","slug":"entrevista-al-cantante-luis-cortes","status":"publish","type":"post","link":"http:\/\/radiounion.es\/index.php\/2024\/05\/23\/entrevista-al-cantante-luis-cortes\/","title":{"rendered":"Entrevista al cantante Luis Cort\u00e9s"},"content":{"rendered":"<p>Luis Cort\u00e9s\u00a0naci\u00f3\u00a0 en un humilde barrio de Burjassot (Valencia), comparte\u00a0ADN\u00a0de etnia gitana y africana y llega dispuesto a revolucionar el panorama musical a sus 22 a\u00f1os con\u00a0Dolores, su primer EP.<\/p>\n<p>En \u00e9l mezcla ritmos como la salsa, el flamenco o el rhythm and blues, se presenta en la escena musical espa\u00f1ola como una de las j\u00f3venes promesas del flamenco pop.<\/p>\n<p>\u201cDolores\u201d, cuenta con cinco temas donde cada uno representa a una musa en la vida de\u00a0Luis Cort\u00e9s. Un desahogo qu\u00e9 le ha permitido curar sus heridas, refugi\u00e1ndose en la composici\u00f3n y en la m\u00fasica. Cuando el arte nace desde el dolor, encuentras muchas personas que pueden verse reflejadas.<\/p>\n<p>En la ma\u00f1ana de hoy, hemos tenido al otro lado del tel\u00e9fono a Luis Cortes en el programa A Orillas del Mediterraneo.<\/p>\n<audio class=\"wp-audio-shortcode\" id=\"audio-993-1\" preload=\"none\" style=\"width: 100%;\" controls=\"controls\"><source type=\"audio\/mpeg\" src=\"https:\/\/www.ivoox.com\/entrevista-a-luis-cortes_md_129323557_wp_1.mp3?_=1\" \/><a href=\"https:\/\/www.ivoox.com\/entrevista-a-luis-cortes_md_129323557_wp_1.mp3\">https:\/\/www.ivoox.com\/entrevista-a-luis-cortes_md_129323557_wp_1.mp3<\/a><\/audio>\n<p>&nbsp;<\/p>\n","protected":false},"excerpt":{"rendered":"<p>Luis Cort\u00e9s\u00a0naci\u00f3\u00a0 en un humilde barrio de Burjassot (Valencia), comparte\u00a0ADN\u00a0de etnia gitana y africana y llega dispuesto a revolucionar el panorama musical a sus 22 a\u00f1os con\u00a0Dolores, su primer EP. En \u00e9l mezcla ritmos como la salsa, el flamenco o el rhythm and blues, se presenta en la escena musical espa\u00f1ola como una de las [&hellip;]<\/p>\n","protected":false},"author":2,"featured_media":994,"comment_status":"open","ping_status":"open","sticky":false,"template":"","format":"standard","meta":{"footnotes":""},"categories":[7],"tags":[],"class_list":["post-993","post","type-post","status-publish","format-standard","has-post-thumbnail","hentry","category-podcast"],"_links":{"self":[{"href":"http:\/\/radiounion.es\/index.php\/wp-json\/wp\/v2\/posts\/993","targetHints":{"allow":["GET"]}}],"collection":[{"href":"http:\/\/radiounion.es\/index.php\/wp-json\/wp\/v2\/posts"}],"about":[{"href":"http:\/\/radiounion.es\/index.php\/wp-json\/wp\/v2\/types\/post"}],"author":[{"embeddable":true,"href":"http:\/\/radiounion.es\/index.php\/wp-json\/wp\/v2\/users\/2"}],"replies":[{"embeddable":true,"href":"http:\/\/radiounion.es\/index.php\/wp-json\/wp\/v2\/comments?post=993"}],"version-history":[{"count":2,"href":"http:\/\/radiounion.es\/index.php\/wp-json\/wp\/v2\/posts\/993\/revisions"}],"predecessor-version":[{"id":1001,"href":"http:\/\/radiounion.es\/index.php\/wp-json\/wp\/v2\/posts\/993\/revisions\/1001"}],"wp:featuredmedia":[{"embeddable":true,"href":"http:\/\/radiounion.es\/index.php\/wp-json\/wp\/v2\/media\/994"}],"wp:attachment":[{"href":"http:\/\/radiounion.es\/index.php\/wp-json\/wp\/v2\/media?parent=993"}],"wp:term":[{"taxonomy":"category","embeddable":true,"href":"http:\/\/radiounion.es\/index.php\/wp-json\/wp\/v2\/categories?post=993"},{"taxonomy":"post_tag","embeddable":true,"href":"http:\/\/radiounion.es\/index.php\/wp-json\/wp\/v2\/tags?post=993"}],"curies":[{"name":"wp","href":"https:\/\/api.w.org\/{rel}","templated":true}]}}