{"id":1029,"date":"2024-05-28T11:47:40","date_gmt":"2024-05-28T09:47:40","guid":{"rendered":"https:\/\/radiounion.es\/?p=1029"},"modified":"2024-05-28T12:17:52","modified_gmt":"2024-05-28T10:17:52","slug":"numerosos-interesados-en-la-carpa-del-colectivo-sahaja-yoga-cartagena-en-la-iii-feria-del-libro-de-perin","status":"publish","type":"post","link":"https:\/\/radiounion.es\/index.php\/2024\/05\/28\/numerosos-interesados-en-la-carpa-del-colectivo-sahaja-yoga-cartagena-en-la-iii-feria-del-libro-de-perin\/","title":{"rendered":"Numerosos interesados en la carpa del Colectivo Sahaja Yoga Cartagena en la III Feria del Libro en Per\u00edn"},"content":{"rendered":"<p>El Colectivo Sahaja Yoga Cartagena, ha tenido la ocasi\u00f3n otro a\u00f1o mas de instalar su carpa en \u00e9sta III edici\u00f3n de la Feria del Libro para presentar su m\u00e9todo de meditaci\u00f3n y el despertar de la energ\u00eda Kundalini en la diputaci\u00f3n de Per\u00edn en la Plaza de la Iglesia.<\/p>\n<p>Un numeroso n\u00famero de asistentes asisti\u00f3 a esta edici\u00f3n donde tambi\u00e9n hubo un mercado artesanal, de segunda mano y otras actividades. En ella se ha podido dar la realizaci\u00f3n a personas muy interesadas en el tema.<\/p>\n","protected":false},"excerpt":{"rendered":"<p>El Colectivo Sahaja Yoga Cartagena, ha tenido la ocasi\u00f3n otro a\u00f1o mas de instalar su carpa en \u00e9sta III edici\u00f3n de la Feria del Libro para presentar su m\u00e9todo de meditaci\u00f3n y el despertar de la energ\u00eda Kundalini en la diputaci\u00f3n de Per\u00edn en la Plaza de la Iglesia. Un numeroso n\u00famero de asistentes asisti\u00f3 [&hellip;]<\/p>\n","protected":false},"author":2,"featured_media":1030,"comment_status":"open","ping_status":"open","sticky":false,"template":"","format":"standard","meta":{"footnotes":""},"categories":[5],"tags":[],"class_list":["post-1029","post","type-post","status-publish","format-standard","has-post-thumbnail","hentry","category-noticias"],"_links":{"self":[{"href":"https:\/\/radiounion.es\/index.php\/wp-json\/wp\/v2\/posts\/1029","targetHints":{"allow":["GET"]}}],"collection":[{"href":"https:\/\/radiounion.es\/index.php\/wp-json\/wp\/v2\/posts"}],"about":[{"href":"https:\/\/radiounion.es\/index.php\/wp-json\/wp\/v2\/types\/post"}],"author":[{"embeddable":true,"href":"https:\/\/radiounion.es\/index.php\/wp-json\/wp\/v2\/users\/2"}],"replies":[{"embeddable":true,"href":"https:\/\/radiounion.es\/index.php\/wp-json\/wp\/v2\/comments?post=1029"}],"version-history":[{"count":2,"href":"https:\/\/radiounion.es\/index.php\/wp-json\/wp\/v2\/posts\/1029\/revisions"}],"predecessor-version":[{"id":1036,"href":"https:\/\/radiounion.es\/index.php\/wp-json\/wp\/v2\/posts\/1029\/revisions\/1036"}],"wp:featuredmedia":[{"embeddable":true,"href":"https:\/\/radiounion.es\/index.php\/wp-json\/wp\/v2\/media\/1030"}],"wp:attachment":[{"href":"https:\/\/radiounion.es\/index.php\/wp-json\/wp\/v2\/media?parent=1029"}],"wp:term":[{"taxonomy":"category","embeddable":true,"href":"https:\/\/radiounion.es\/index.php\/wp-json\/wp\/v2\/categories?post=1029"},{"taxonomy":"post_tag","embeddable":true,"href":"https:\/\/radiounion.es\/index.php\/wp-json\/wp\/v2\/tags?post=1029"}],"curies":[{"name":"wp","href":"https:\/\/api.w.org\/{rel}","templated":true}]}}