{"id":1263,"date":"2024-07-08T08:14:14","date_gmt":"2024-07-08T06:14:14","guid":{"rendered":"https:\/\/radiounion.es\/?p=1263"},"modified":"2024-07-08T08:14:14","modified_gmt":"2024-07-08T06:14:14","slug":"lo-nuestro-la-copla-07-julio-2024","status":"publish","type":"post","link":"https:\/\/radiounion.es\/index.php\/2024\/07\/08\/lo-nuestro-la-copla-07-julio-2024\/","title":{"rendered":"Lo Nuestro la Copla 07 julio 2024"},"content":{"rendered":"<p>Cada s\u00e1bado y domingo de 8 a 10 de la ma\u00f1ana la mejor m\u00fasica en espa\u00f1ol, copla, canci\u00f3n espa\u00f1ola, flamenco. Disfruta cada fin de semana de Lo Nuestro la Copla con Nagore Chiscano o vuelve a escucharlo donde y cuando quieras.<\/p>\n<audio class=\"wp-audio-shortcode\" id=\"audio-1263-1\" preload=\"none\" style=\"width: 100%;\" controls=\"controls\"><source type=\"audio\/mpeg\" src=\"https:\/\/www.ivoox.com\/lo-nuestro-copla-07-julio-2024_md_131343950_wp_1.mp3?_=1\" \/><a href=\"https:\/\/www.ivoox.com\/lo-nuestro-copla-07-julio-2024_md_131343950_wp_1.mp3\">https:\/\/www.ivoox.com\/lo-nuestro-copla-07-julio-2024_md_131343950_wp_1.mp3<\/a><\/audio>\n<p>&nbsp;<\/p>\n","protected":false},"excerpt":{"rendered":"<p>Cada s\u00e1bado y domingo de 8 a 10 de la ma\u00f1ana la mejor m\u00fasica en espa\u00f1ol, copla, canci\u00f3n espa\u00f1ola, flamenco. Disfruta cada fin de semana de Lo Nuestro la Copla con Nagore Chiscano o vuelve a escucharlo donde y cuando quieras. &nbsp;<\/p>\n","protected":false},"author":2,"featured_media":257,"comment_status":"open","ping_status":"open","sticky":false,"template":"","format":"standard","meta":{"footnotes":""},"categories":[11],"tags":[],"class_list":["post-1263","post","type-post","status-publish","format-standard","has-post-thumbnail","hentry","category-pcd-lo-nuestro-la-copla"],"_links":{"self":[{"href":"https:\/\/radiounion.es\/index.php\/wp-json\/wp\/v2\/posts\/1263","targetHints":{"allow":["GET"]}}],"collection":[{"href":"https:\/\/radiounion.es\/index.php\/wp-json\/wp\/v2\/posts"}],"about":[{"href":"https:\/\/radiounion.es\/index.php\/wp-json\/wp\/v2\/types\/post"}],"author":[{"embeddable":true,"href":"https:\/\/radiounion.es\/index.php\/wp-json\/wp\/v2\/users\/2"}],"replies":[{"embeddable":true,"href":"https:\/\/radiounion.es\/index.php\/wp-json\/wp\/v2\/comments?post=1263"}],"version-history":[{"count":1,"href":"https:\/\/radiounion.es\/index.php\/wp-json\/wp\/v2\/posts\/1263\/revisions"}],"predecessor-version":[{"id":1264,"href":"https:\/\/radiounion.es\/index.php\/wp-json\/wp\/v2\/posts\/1263\/revisions\/1264"}],"wp:featuredmedia":[{"embeddable":true,"href":"https:\/\/radiounion.es\/index.php\/wp-json\/wp\/v2\/media\/257"}],"wp:attachment":[{"href":"https:\/\/radiounion.es\/index.php\/wp-json\/wp\/v2\/media?parent=1263"}],"wp:term":[{"taxonomy":"category","embeddable":true,"href":"https:\/\/radiounion.es\/index.php\/wp-json\/wp\/v2\/categories?post=1263"},{"taxonomy":"post_tag","embeddable":true,"href":"https:\/\/radiounion.es\/index.php\/wp-json\/wp\/v2\/tags?post=1263"}],"curies":[{"name":"wp","href":"https:\/\/api.w.org\/{rel}","templated":true}]}}