{"id":1271,"date":"2024-07-08T08:38:08","date_gmt":"2024-07-08T06:38:08","guid":{"rendered":"http:\/\/radiounion.es\/?p=1271"},"modified":"2024-07-08T08:40:14","modified_gmt":"2024-07-08T06:40:14","slug":"asombro-y-decepcion-por-las-medidas-de-gestion-del-personal-interino-ningun-nino-sin-ate","status":"publish","type":"post","link":"https:\/\/radiounion.es\/index.php\/2024\/07\/08\/asombro-y-decepcion-por-las-medidas-de-gestion-del-personal-interino-ningun-nino-sin-ate\/","title":{"rendered":"Asombro y decepci\u00f3n por las medidas de gesti\u00f3n del personal interino: Ning\u00fan ni\u00f1o sin ATE"},"content":{"rendered":"<p>La Direcci\u00f3n General de Funci\u00f3n P\u00fablica eligi\u00f3 unilateralmente las medidas en materia de Funci\u00f3n P\u00fablica para la agilizaci\u00f3n y modernizaci\u00f3n de la gesti\u00f3n de la selecci\u00f3n del personal interino el pasado 4 de julio.<\/p>\n<p>Las familias de la plataforma tras tener en nuestras manos la propuesta presentada por la administraci\u00f3n a los sindicatos y teniendo en cuenta que siguen<strong> sin reclasificar a los ATE<\/strong>, lo que implica que todo el que quiera presentarse a la oposici\u00f3n <strong>no necesita ninguna titulaci\u00f3n especializada <\/strong>que acredite que tienen conocimientos sobre discapacidad, educaci\u00f3n, o cuidados del menor, tenemos que decir que <strong>estamos muy decepcionadas<\/strong>.<\/p>\n<p>Una de esas medidas \u00a0es que entren en bolsa de trabajo todas las personas con s\u00f3lo firmar un examen; sin coger un libro, sin tener conocimientos sobre necesidades educativas especiales o sobre discapacidad, esas personas podr\u00e1n ser llamadas para cubrir una baja, una excedencia o un contrato de ATE. Otra medida dice que, quien no supere el periodo de prueba, no pasa nada, tras dos meses de penalizaci\u00f3n podr\u00e1 volver a trabajar para esa bolsa de trabajo.<\/p>\n<p>Est\u00e1s medidas ni sirven de agilizaci\u00f3n ni de modernizaci\u00f3n, s\u00f3lo sirven para deteriorar los servicios p\u00fablicos que van destinados a una de las poblaciones m\u00e1s vulnerables, los menores con necesidades educativas especiales o personas con discapacidad.<\/p>\n<p>Le pedimos a la Direcci\u00f3n General de Funci\u00f3n P\u00fablica que tenga en cuenta que unas medidas tan importantes requieren de consenso por parte de todos los sectores, y es necesario dar un cambio sustancial a esas medidas para poder conseguir una verdadera agilizaci\u00f3n y modernizaci\u00f3n sin coste alguno en la calidad de los servicios y de los derechos de los trabajadores.<\/p>\n<p>Y por otro lado queremos recordar que <strong>todas nuestras reivindicaciones siguen pendientes<\/strong>; sigue estado el ACNEE \u00a0en muchos centros recibiendo una atenci\u00f3n precaria, por causa de los contratos de 15, 20 y 25 horas; por los contratos donde los centros comparten el ATE; seguimos sin libre elecci\u00f3n de centro educativo cuando nos rechazan la matriculaci\u00f3n por falta de ATE; cuando un mismo ATE tiene que atender a un n\u00famero alto de ACNEE por causa de seguir sin establer una ratio m\u00e1xima; centros a los que se les niega abrir un aula abierta; sustituciones sin cubrir por semanas, en algunas ocasiones meses; funciones sin modernizar que son ambig\u00fcas y obsoletas.<\/p>\n<p>Las familias estamos hartas del ninguneo de la Administraci\u00f3n al no atender seriamente las necesidades de nuestros hijos e hijas, al no buscar soluciones que mejoren su inclusi\u00f3n educativa, por lo que <strong>vamos a tomar nuevas medidas de protesta<\/strong> que acordaremos el lunes 8 de 17:30 a 18:30 en asamblea online.\u00a0 Enviaremos el enlace de la reuni\u00f3n al Facebook y WhatsApp de la plataforma esa tarde.<\/p>\n<p>Facebook NINGUN NI\u00d1@ SIN ATE<\/p>\n","protected":false},"excerpt":{"rendered":"<p>La Direcci\u00f3n General de Funci\u00f3n P\u00fablica eligi\u00f3 unilateralmente las medidas en materia de Funci\u00f3n P\u00fablica para la agilizaci\u00f3n y modernizaci\u00f3n de la gesti\u00f3n de la selecci\u00f3n del personal interino el pasado 4 de julio. Las familias de la plataforma tras tener en nuestras manos la propuesta presentada por la administraci\u00f3n a los sindicatos y teniendo [&hellip;]<\/p>\n","protected":false},"author":2,"featured_media":1274,"comment_status":"open","ping_status":"open","sticky":false,"template":"","format":"standard","meta":{"footnotes":""},"categories":[5],"tags":[],"class_list":["post-1271","post","type-post","status-publish","format-standard","has-post-thumbnail","hentry","category-noticias"],"_links":{"self":[{"href":"https:\/\/radiounion.es\/index.php\/wp-json\/wp\/v2\/posts\/1271","targetHints":{"allow":["GET"]}}],"collection":[{"href":"https:\/\/radiounion.es\/index.php\/wp-json\/wp\/v2\/posts"}],"about":[{"href":"https:\/\/radiounion.es\/index.php\/wp-json\/wp\/v2\/types\/post"}],"author":[{"embeddable":true,"href":"https:\/\/radiounion.es\/index.php\/wp-json\/wp\/v2\/users\/2"}],"replies":[{"embeddable":true,"href":"https:\/\/radiounion.es\/index.php\/wp-json\/wp\/v2\/comments?post=1271"}],"version-history":[{"count":1,"href":"https:\/\/radiounion.es\/index.php\/wp-json\/wp\/v2\/posts\/1271\/revisions"}],"predecessor-version":[{"id":1273,"href":"https:\/\/radiounion.es\/index.php\/wp-json\/wp\/v2\/posts\/1271\/revisions\/1273"}],"wp:featuredmedia":[{"embeddable":true,"href":"https:\/\/radiounion.es\/index.php\/wp-json\/wp\/v2\/media\/1274"}],"wp:attachment":[{"href":"https:\/\/radiounion.es\/index.php\/wp-json\/wp\/v2\/media?parent=1271"}],"wp:term":[{"taxonomy":"category","embeddable":true,"href":"https:\/\/radiounion.es\/index.php\/wp-json\/wp\/v2\/categories?post=1271"},{"taxonomy":"post_tag","embeddable":true,"href":"https:\/\/radiounion.es\/index.php\/wp-json\/wp\/v2\/tags?post=1271"}],"curies":[{"name":"wp","href":"https:\/\/api.w.org\/{rel}","templated":true}]}}