{"id":1388,"date":"2024-08-21T08:36:52","date_gmt":"2024-08-21T06:36:52","guid":{"rendered":"https:\/\/radiounion.es\/?p=1388"},"modified":"2024-08-21T08:36:52","modified_gmt":"2024-08-21T06:36:52","slug":"luis-cortes-arrasa-con-dolores","status":"publish","type":"post","link":"https:\/\/radiounion.es\/index.php\/2024\/08\/21\/luis-cortes-arrasa-con-dolores\/","title":{"rendered":"Luis Cort\u00e9s arrasa con \u2018Dolores\u2019"},"content":{"rendered":"<p>Me gustan esas voces que tienen un mundo infinito por descubrir, esas que en la primera escucha, te llenan de inquietud y emoci\u00f3n.\u00a0Luis Cort\u00e9s\u00a0es uno de esos artistas autodidactas, que quer\u00eda ser futbolista, pero que afortunadamente para nosotros, descubri\u00f3 a tiempo la m\u00fasica.<\/p>\n<p>Desde su barrio de Burjassot, ha ido tejiendo un futuro prometedor, lleno de posibilidades, porque lo de este valenciano, no es una carambola del destino, es talento del bueno, del que te eriza la piel.\u00a0\u2018Dolores\u2019\u00a0se llama su EP, cargado de inspiraci\u00f3n y frases desgarradoras, que imprimen car\u00e1cter y verdad.<\/p>\n<p>Grab\u00f3 su primera canci\u00f3n con un amigo, el tema, fue pasando de m\u00f3vil a m\u00f3vil, hasta que lleg\u00f3 al de Scorpion, su productor, que no dud\u00f3 en ponerse en contacto con Luis, para comenzar el proyecto m\u00e1s importante de su vida\u2026<\/p>\n<p><iframe title=\"Luis Corte\u0301s - ME DUELE QUERERTE (Videoclip Oficial)\" width=\"800\" height=\"450\" src=\"https:\/\/www.youtube.com\/embed\/Mr6FX6azSAc?feature=oembed\" frameborder=\"0\" allow=\"accelerometer; autoplay; clipboard-write; encrypted-media; gyroscope; picture-in-picture; web-share\" referrerpolicy=\"strict-origin-when-cross-origin\" allowfullscreen><\/iframe><\/p>\n<p>A pesar de su juventud, este\u00a0<em>ni\u00f1o<\/em>\u00a0<em>grande<\/em>, te mira y te convence. Su madre, es su pilar fundamental, la persona por la que Luis lucha y dibuja un mundo, mucho mejor para ella y los suyos.<\/p>\n<p>\u2018En sue\u00f1os\u2019, su dueto con\u00a0Zaira, supera los 13 millones de visualizaciones y seguramente no ser\u00e1 la \u00fanica colaboraci\u00f3n que compartan.<\/p>\n<p>Luis Cort\u00e9s\u00a0tiene cualidades de sobra para quedarse en la m\u00fasica para siempre, su voz, te transporta a otro lugar, su amor sempiterno por su madre y las mujeres de su vida, se refleja en cada una de sus letras, con absoluta devoci\u00f3n.<\/p>\n<p>Fuente: RadioOl\u00e9<\/p>\n","protected":false},"excerpt":{"rendered":"<p>Me gustan esas voces que tienen un mundo infinito por descubrir, esas que en la primera escucha, te llenan de inquietud y emoci\u00f3n.\u00a0Luis Cort\u00e9s\u00a0es uno de esos artistas autodidactas, que quer\u00eda ser futbolista, pero que afortunadamente para nosotros, descubri\u00f3 a tiempo la m\u00fasica. Desde su barrio de Burjassot, ha ido tejiendo un futuro prometedor, lleno [&hellip;]<\/p>\n","protected":false},"author":2,"featured_media":1389,"comment_status":"open","ping_status":"open","sticky":false,"template":"","format":"standard","meta":{"footnotes":""},"categories":[5],"tags":[],"class_list":["post-1388","post","type-post","status-publish","format-standard","has-post-thumbnail","hentry","category-noticias"],"_links":{"self":[{"href":"https:\/\/radiounion.es\/index.php\/wp-json\/wp\/v2\/posts\/1388","targetHints":{"allow":["GET"]}}],"collection":[{"href":"https:\/\/radiounion.es\/index.php\/wp-json\/wp\/v2\/posts"}],"about":[{"href":"https:\/\/radiounion.es\/index.php\/wp-json\/wp\/v2\/types\/post"}],"author":[{"embeddable":true,"href":"https:\/\/radiounion.es\/index.php\/wp-json\/wp\/v2\/users\/2"}],"replies":[{"embeddable":true,"href":"https:\/\/radiounion.es\/index.php\/wp-json\/wp\/v2\/comments?post=1388"}],"version-history":[{"count":1,"href":"https:\/\/radiounion.es\/index.php\/wp-json\/wp\/v2\/posts\/1388\/revisions"}],"predecessor-version":[{"id":1390,"href":"https:\/\/radiounion.es\/index.php\/wp-json\/wp\/v2\/posts\/1388\/revisions\/1390"}],"wp:featuredmedia":[{"embeddable":true,"href":"https:\/\/radiounion.es\/index.php\/wp-json\/wp\/v2\/media\/1389"}],"wp:attachment":[{"href":"https:\/\/radiounion.es\/index.php\/wp-json\/wp\/v2\/media?parent=1388"}],"wp:term":[{"taxonomy":"category","embeddable":true,"href":"https:\/\/radiounion.es\/index.php\/wp-json\/wp\/v2\/categories?post=1388"},{"taxonomy":"post_tag","embeddable":true,"href":"https:\/\/radiounion.es\/index.php\/wp-json\/wp\/v2\/tags?post=1388"}],"curies":[{"name":"wp","href":"https:\/\/api.w.org\/{rel}","templated":true}]}}