{"id":1525,"date":"2024-10-03T14:47:02","date_gmt":"2024-10-03T12:47:02","guid":{"rendered":"https:\/\/radiounion.es\/?p=1525"},"modified":"2024-10-03T14:52:26","modified_gmt":"2024-10-03T12:52:26","slug":"lo-nuestro-la-copla-29-de-septiembre-2024","status":"publish","type":"post","link":"https:\/\/radiounion.es\/index.php\/2024\/10\/03\/lo-nuestro-la-copla-29-de-septiembre-2024\/","title":{"rendered":"Lo Nuestro la Copla 29 de septiembre 2024"},"content":{"rendered":"<p>Cada s\u00e1bado y domingo de 8 a 10 de la ma\u00f1ana la mejor m\u00fasica en espa\u00f1ol, copla, canci\u00f3n espa\u00f1ola, flamenco. Disfruta cada fin de semana de Lo Nuestro la Copla con Nagore Chiscano o vuelve a escucharlo donde y cuando quieras.<\/p>\n<p>&nbsp;<\/p>\n<audio class=\"wp-audio-shortcode\" id=\"audio-1525-1\" preload=\"none\" style=\"width: 100%;\" controls=\"controls\"><source type=\"audio\/mpeg\" src=\"https:\/\/www.ivoox.com\/lo-nuestro-copla-29-septiembre-2024_md_134342912_wp_1.mp3?_=1\" \/><a href=\"https:\/\/www.ivoox.com\/lo-nuestro-copla-29-septiembre-2024_md_134342912_wp_1.mp3\">https:\/\/www.ivoox.com\/lo-nuestro-copla-29-septiembre-2024_md_134342912_wp_1.mp3<\/a><\/audio>\n<p>&nbsp;<\/p>\n","protected":false},"excerpt":{"rendered":"<p>Cada s\u00e1bado y domingo de 8 a 10 de la ma\u00f1ana la mejor m\u00fasica en espa\u00f1ol, copla, canci\u00f3n espa\u00f1ola, flamenco. Disfruta cada fin de semana de Lo Nuestro la Copla con Nagore Chiscano o vuelve a escucharlo donde y cuando quieras. &nbsp; &nbsp;<\/p>\n","protected":false},"author":2,"featured_media":257,"comment_status":"open","ping_status":"open","sticky":false,"template":"","format":"standard","meta":{"footnotes":""},"categories":[11],"tags":[],"class_list":["post-1525","post","type-post","status-publish","format-standard","has-post-thumbnail","hentry","category-pcd-lo-nuestro-la-copla"],"_links":{"self":[{"href":"https:\/\/radiounion.es\/index.php\/wp-json\/wp\/v2\/posts\/1525","targetHints":{"allow":["GET"]}}],"collection":[{"href":"https:\/\/radiounion.es\/index.php\/wp-json\/wp\/v2\/posts"}],"about":[{"href":"https:\/\/radiounion.es\/index.php\/wp-json\/wp\/v2\/types\/post"}],"author":[{"embeddable":true,"href":"https:\/\/radiounion.es\/index.php\/wp-json\/wp\/v2\/users\/2"}],"replies":[{"embeddable":true,"href":"https:\/\/radiounion.es\/index.php\/wp-json\/wp\/v2\/comments?post=1525"}],"version-history":[{"count":2,"href":"https:\/\/radiounion.es\/index.php\/wp-json\/wp\/v2\/posts\/1525\/revisions"}],"predecessor-version":[{"id":1534,"href":"https:\/\/radiounion.es\/index.php\/wp-json\/wp\/v2\/posts\/1525\/revisions\/1534"}],"wp:featuredmedia":[{"embeddable":true,"href":"https:\/\/radiounion.es\/index.php\/wp-json\/wp\/v2\/media\/257"}],"wp:attachment":[{"href":"https:\/\/radiounion.es\/index.php\/wp-json\/wp\/v2\/media?parent=1525"}],"wp:term":[{"taxonomy":"category","embeddable":true,"href":"https:\/\/radiounion.es\/index.php\/wp-json\/wp\/v2\/categories?post=1525"},{"taxonomy":"post_tag","embeddable":true,"href":"https:\/\/radiounion.es\/index.php\/wp-json\/wp\/v2\/tags?post=1525"}],"curies":[{"name":"wp","href":"https:\/\/api.w.org\/{rel}","templated":true}]}}