{"id":1625,"date":"2024-11-05T12:44:26","date_gmt":"2024-11-05T11:44:26","guid":{"rendered":"https:\/\/radiounion.es\/?p=1625"},"modified":"2024-11-05T12:44:26","modified_gmt":"2024-11-05T11:44:26","slug":"ismael-gonzalez-finaliza-su-gira-con-un-concierto-en-barcelona","status":"publish","type":"post","link":"https:\/\/radiounion.es\/index.php\/2024\/11\/05\/ismael-gonzalez-finaliza-su-gira-con-un-concierto-en-barcelona\/","title":{"rendered":"Ismael Gonz\u00e1lez finaliza su gira con un concierto en Barcelona"},"content":{"rendered":"<p>El cantante, conocido por su estilo que combina rock, folk y toques de flamenco, ofreci\u00f3 un repertorio que recorri\u00f3 lo mejor de su discograf\u00eda, incluyendo sus grandes \u00e9xitos y canciones m\u00e1s \u00edntimas.<\/p>\n<p><span>Ismael Gonz\u00e1lez, conocido por su habilidad para fusionar rock, folk y flamenco en un estilo \u00fanico y vibrante, promete un espect\u00e1culo cargado de energ\u00eda, emociones y sorpresas. El repertorio incluye tanto sus grandes \u00e9xitos como nuevas composiciones de su \u00faltimo trabajo, que ha sido aclamado por la cr\u00edtica.<\/span><\/p>\n<p><span>\u201cComenzar la gira en Barcelona es algo especial; esta ciudad tiene una energ\u00eda y un p\u00fablico incomparable\u201d, coment\u00f3 Ismael en una reciente entrevista. Los asistentes al concierto inaugural pueden esperar una noche de m\u00fasica, historias y colaboraciones con otros artistas, cuya identidad se mantiene en secreto para sorprender al p\u00fablico.<\/span><\/p>\n<p>Con la venta de entradas avanzando r\u00e1pidamente, se espera un lleno total para esta cita musical. Ismael Gonz\u00e1lez, que ha conquistado escenarios de toda Espa\u00f1a con su carisma y voz inconfundible, promete que el espect\u00e1culo en Barcelona ser\u00e1 una celebraci\u00f3n de la m\u00fasica y el arte.<\/p>\n<p><iframe title=\"Ismael Gonz\u00e1lez - Si Te Vas - Ismael Gonz\u00e1lez\" width=\"800\" height=\"450\" src=\"https:\/\/www.youtube.com\/embed\/cjkNQnBnv4M?feature=oembed\" frameborder=\"0\" allow=\"accelerometer; autoplay; clipboard-write; encrypted-media; gyroscope; picture-in-picture; web-share\" referrerpolicy=\"strict-origin-when-cross-origin\" allowfullscreen><\/iframe><\/p>\n","protected":false},"excerpt":{"rendered":"<p>El cantante, conocido por su estilo que combina rock, folk y toques de flamenco, ofreci\u00f3 un repertorio que recorri\u00f3 lo mejor de su discograf\u00eda, incluyendo sus grandes \u00e9xitos y canciones m\u00e1s \u00edntimas. Ismael Gonz\u00e1lez, conocido por su habilidad para fusionar rock, folk y flamenco en un estilo \u00fanico y vibrante, promete un espect\u00e1culo cargado de [&hellip;]<\/p>\n","protected":false},"author":2,"featured_media":1626,"comment_status":"open","ping_status":"open","sticky":false,"template":"","format":"standard","meta":{"footnotes":""},"categories":[5],"tags":[],"class_list":["post-1625","post","type-post","status-publish","format-standard","has-post-thumbnail","hentry","category-noticias"],"_links":{"self":[{"href":"https:\/\/radiounion.es\/index.php\/wp-json\/wp\/v2\/posts\/1625","targetHints":{"allow":["GET"]}}],"collection":[{"href":"https:\/\/radiounion.es\/index.php\/wp-json\/wp\/v2\/posts"}],"about":[{"href":"https:\/\/radiounion.es\/index.php\/wp-json\/wp\/v2\/types\/post"}],"author":[{"embeddable":true,"href":"https:\/\/radiounion.es\/index.php\/wp-json\/wp\/v2\/users\/2"}],"replies":[{"embeddable":true,"href":"https:\/\/radiounion.es\/index.php\/wp-json\/wp\/v2\/comments?post=1625"}],"version-history":[{"count":1,"href":"https:\/\/radiounion.es\/index.php\/wp-json\/wp\/v2\/posts\/1625\/revisions"}],"predecessor-version":[{"id":1627,"href":"https:\/\/radiounion.es\/index.php\/wp-json\/wp\/v2\/posts\/1625\/revisions\/1627"}],"wp:featuredmedia":[{"embeddable":true,"href":"https:\/\/radiounion.es\/index.php\/wp-json\/wp\/v2\/media\/1626"}],"wp:attachment":[{"href":"https:\/\/radiounion.es\/index.php\/wp-json\/wp\/v2\/media?parent=1625"}],"wp:term":[{"taxonomy":"category","embeddable":true,"href":"https:\/\/radiounion.es\/index.php\/wp-json\/wp\/v2\/categories?post=1625"},{"taxonomy":"post_tag","embeddable":true,"href":"https:\/\/radiounion.es\/index.php\/wp-json\/wp\/v2\/tags?post=1625"}],"curies":[{"name":"wp","href":"https:\/\/api.w.org\/{rel}","templated":true}]}}