{"id":1628,"date":"2024-11-05T12:50:24","date_gmt":"2024-11-05T11:50:24","guid":{"rendered":"https:\/\/radiounion.es\/?p=1628"},"modified":"2024-11-05T12:50:24","modified_gmt":"2024-11-05T11:50:24","slug":"nina-pastori-vuelve-con-nuevo-album-por-navidad","status":"publish","type":"post","link":"https:\/\/radiounion.es\/index.php\/2024\/11\/05\/nina-pastori-vuelve-con-nuevo-album-por-navidad\/","title":{"rendered":"Ni\u00f1a Pastori vuelve con nuevo alb\u00fam por navidad"},"content":{"rendered":"<p>La ic\u00f3nica voz de San Fernando lanza su primer disco navide\u00f1o, cumpliendo un sue\u00f1o y anunciando una gira que promete inolvidables noches de villancicos.<\/p>\n<p>La reconocida cantante de flamenco Ni\u00f1a Pastori ha anunciado el lanzamiento de su m\u00e1s reciente proyecto musical, un \u00e1lbum navide\u00f1o titulado <em>Feliz Navidad<\/em>. Este disco, que fusiona la esencia tradicional de los villancicos con el inconfundible estilo flamenco de la artista, promete ser un regalo especial para sus seguidores durante las festividades de este a\u00f1o.<\/p>\n<p>El \u00e1lbum, que incluye tanto cl\u00e1sicos navide\u00f1os reinterpretados como nuevas composiciones originales, fue grabado en su estudio en C\u00e1diz y cuenta con colaboraciones de destacados m\u00fasicos y artistas de la escena flamenca. Pastori, conocida por su poderosa voz y su capacidad de transmitir profundas emociones, ha comentado que este proyecto es un homenaje a las Navidades de su infancia, marcadas por reuniones familiares y m\u00fasica que evocaba el esp\u00edritu andaluz.<\/p>\n<p>\u00abQuer\u00eda compartir con el mundo la calidez y la magia de la Navidad tal y como la he vivido siempre, rodeada de familia, amor y canciones que hacen vibrar el alma\u00bb, expres\u00f3 la cantante en una rueda de prensa reciente. La artista tambi\u00e9n adelant\u00f3 que el disco incluir\u00e1 versiones de temas ic\u00f3nicos como <em>Noche de Paz<\/em> y <em>Los Campanilleros<\/em>, pero con su toque personal que mezcla flamenco puro y elementos contempor\u00e1neos.<\/p>\n<p>La gira de promoci\u00f3n de <em>Navidad Flamenca<\/em> arrancar\u00e1 a principios de diciembre y recorrer\u00e1 diversas ciudades espa\u00f1olas, incluyendo un concierto especial en Madrid que promete ser un punto culminante con invitados sorpresa. Las entradas estar\u00e1n disponibles a partir del pr\u00f3ximo viernes en las principales plataformas de venta.<\/p>\n<p>El lanzamiento de este \u00e1lbum refuerza el lugar de Ni\u00f1a Pastori como una de las figuras m\u00e1s importantes del flamenco y la m\u00fasica espa\u00f1ola, demostrando una vez m\u00e1s su capacidad para reinventar las tradiciones y conectarlas con nuevas audiencias.<\/p>\n","protected":false},"excerpt":{"rendered":"<p>La ic\u00f3nica voz de San Fernando lanza su primer disco navide\u00f1o, cumpliendo un sue\u00f1o y anunciando una gira que promete inolvidables noches de villancicos. La reconocida cantante de flamenco Ni\u00f1a Pastori ha anunciado el lanzamiento de su m\u00e1s reciente proyecto musical, un \u00e1lbum navide\u00f1o titulado Feliz Navidad. Este disco, que fusiona la esencia tradicional de [&hellip;]<\/p>\n","protected":false},"author":2,"featured_media":1518,"comment_status":"open","ping_status":"open","sticky":false,"template":"","format":"standard","meta":{"footnotes":""},"categories":[5],"tags":[],"class_list":["post-1628","post","type-post","status-publish","format-standard","has-post-thumbnail","hentry","category-noticias"],"_links":{"self":[{"href":"https:\/\/radiounion.es\/index.php\/wp-json\/wp\/v2\/posts\/1628","targetHints":{"allow":["GET"]}}],"collection":[{"href":"https:\/\/radiounion.es\/index.php\/wp-json\/wp\/v2\/posts"}],"about":[{"href":"https:\/\/radiounion.es\/index.php\/wp-json\/wp\/v2\/types\/post"}],"author":[{"embeddable":true,"href":"https:\/\/radiounion.es\/index.php\/wp-json\/wp\/v2\/users\/2"}],"replies":[{"embeddable":true,"href":"https:\/\/radiounion.es\/index.php\/wp-json\/wp\/v2\/comments?post=1628"}],"version-history":[{"count":1,"href":"https:\/\/radiounion.es\/index.php\/wp-json\/wp\/v2\/posts\/1628\/revisions"}],"predecessor-version":[{"id":1629,"href":"https:\/\/radiounion.es\/index.php\/wp-json\/wp\/v2\/posts\/1628\/revisions\/1629"}],"wp:featuredmedia":[{"embeddable":true,"href":"https:\/\/radiounion.es\/index.php\/wp-json\/wp\/v2\/media\/1518"}],"wp:attachment":[{"href":"https:\/\/radiounion.es\/index.php\/wp-json\/wp\/v2\/media?parent=1628"}],"wp:term":[{"taxonomy":"category","embeddable":true,"href":"https:\/\/radiounion.es\/index.php\/wp-json\/wp\/v2\/categories?post=1628"},{"taxonomy":"post_tag","embeddable":true,"href":"https:\/\/radiounion.es\/index.php\/wp-json\/wp\/v2\/tags?post=1628"}],"curies":[{"name":"wp","href":"https:\/\/api.w.org\/{rel}","templated":true}]}}