{"id":1653,"date":"2024-11-19T11:45:20","date_gmt":"2024-11-19T10:45:20","guid":{"rendered":"https:\/\/radiounion.es\/?p=1653"},"modified":"2024-11-19T11:48:37","modified_gmt":"2024-11-19T10:48:37","slug":"los-canos-vuelven-25-anos-despues","status":"publish","type":"post","link":"https:\/\/radiounion.es\/index.php\/2024\/11\/19\/los-canos-vuelven-25-anos-despues\/","title":{"rendered":"Los Ca\u00f1os vuelven 25 a\u00f1os despu\u00e9s con un concierto \u00fanico en Sevilla"},"content":{"rendered":"<p>Est\u00e1 siendo uno de las noticias musicales m\u00e1s importantes de lo que queda de este a\u00f1o. Los fans no lo esperaban, pero ya es una de las noticias m\u00e1s esperadas por el p\u00fablico que vivi\u00f3 el fen\u00f3meno fan con el grupo Los Ca\u00f1os. Tenemos que mirar atr\u00e1s nada m\u00e1s ni nada menos que 25 a\u00f1os para recordar aquellas canciones que nos enamoraron como la famosa \u00abNi\u00f1a\u00bb.<\/p>\n<p>Kiko, Javi\u00a0y\u00a0Juande, eran amigos desde la infancia y compart\u00edan una pasi\u00f3n por la m\u00fasica. El grupo tom\u00f3 su nombre de la playa\u00a0<em>Los Ca\u00f1os de Meca<\/em>, un lugar emblem\u00e1tico en C\u00e1diz que reflejaba la frescura y desenfado que quer\u00edan transmitir con su m\u00fasica.<\/p>\n<p>Con el apoyo de su sello discogr\u00e1fico, debutaron en 2000 con el \u00e1lbum\u00a0\u2018Los Ca\u00f1os\u2019. Este trabajo incluy\u00f3 temas que r\u00e1pidamente se convirtieron en \u00e9xitos, como\u00a0\u201cNi\u00f1a piensa en ti\u201d\u00a0y\u00a0\u201cNena, dime por qu\u00e9\u201d, canciones que combinaban melod\u00edas pegadizas con letras rom\u00e1nticas que conectaban con los j\u00f3venes de la \u00e9poca.\u00a0El tr\u00edo gaditano no tard\u00f3 en consolidarse como una de las\u00a0<em>boybands<\/em>\u00a0m\u00e1s populares de Espa\u00f1a.<\/p>\n<p>Su estilo combinaba el pop con toques de flamenco, creando una propuesta original dentro del panorama musical de aquellos a\u00f1os.<\/p>\n<p>A lo largo de su carrera,\u00a0Los Ca\u00f1os\u00a0gozaron de una base de fans fiel, compuesta mayoritariamente por adolescentes que llenaban sus conciertos y segu\u00edan cada uno de sus pasos. Adem\u00e1s, su est\u00e9tica juvenil y su carisma los convirti\u00f3 en \u00edconos de la cultura pop de principios de siglo.<\/p>\n<p>Los Ca\u00f1os\u00a0marcaron a toda una generaci\u00f3n. Su estilo fresco, sus letras rom\u00e1nticas, y la cercan\u00eda de sus integrantes, hicieron que r\u00e1pidamente se convirtieran en un fen\u00f3meno musical, especialmente entre el p\u00fablico adolescente.<\/p>\n<p>El pr\u00f3ximo\u00a014 de marzo de 2025\u00a0en el\u00a0Cartuja Center\u00a0de Sevilla ofrecer\u00e1n un concierto de despedida a todos sus fans.\u00a0\u00abSe lo deb\u00edamos a nuestro p\u00fablico\u00bb\u00a0apuntaba\u00a0Kiko. Las entradas se agotaron a las pocas horas. Y qui\u00e9n sabe si va a ver m\u00e1s conciertos. Ellos van a disfrutar de ese concierto. Muchos \u00e9xitos en los que aseguran que el show estar\u00e1 m\u00e1s que garantizado.<\/p>\n<p>&nbsp;<\/p>\n<p>Fuente: Ol\u00e9 Mi Gente<\/p>\n","protected":false},"excerpt":{"rendered":"<p>Est\u00e1 siendo uno de las noticias musicales m\u00e1s importantes de lo que queda de este a\u00f1o. Los fans no lo esperaban, pero ya es una de las noticias m\u00e1s esperadas por el p\u00fablico que vivi\u00f3 el fen\u00f3meno fan con el grupo Los Ca\u00f1os. Tenemos que mirar atr\u00e1s nada m\u00e1s ni nada menos que 25 a\u00f1os [&hellip;]<\/p>\n","protected":false},"author":2,"featured_media":1656,"comment_status":"open","ping_status":"open","sticky":false,"template":"","format":"standard","meta":{"footnotes":""},"categories":[5],"tags":[],"class_list":["post-1653","post","type-post","status-publish","format-standard","has-post-thumbnail","hentry","category-noticias"],"_links":{"self":[{"href":"https:\/\/radiounion.es\/index.php\/wp-json\/wp\/v2\/posts\/1653","targetHints":{"allow":["GET"]}}],"collection":[{"href":"https:\/\/radiounion.es\/index.php\/wp-json\/wp\/v2\/posts"}],"about":[{"href":"https:\/\/radiounion.es\/index.php\/wp-json\/wp\/v2\/types\/post"}],"author":[{"embeddable":true,"href":"https:\/\/radiounion.es\/index.php\/wp-json\/wp\/v2\/users\/2"}],"replies":[{"embeddable":true,"href":"https:\/\/radiounion.es\/index.php\/wp-json\/wp\/v2\/comments?post=1653"}],"version-history":[{"count":2,"href":"https:\/\/radiounion.es\/index.php\/wp-json\/wp\/v2\/posts\/1653\/revisions"}],"predecessor-version":[{"id":1657,"href":"https:\/\/radiounion.es\/index.php\/wp-json\/wp\/v2\/posts\/1653\/revisions\/1657"}],"wp:featuredmedia":[{"embeddable":true,"href":"https:\/\/radiounion.es\/index.php\/wp-json\/wp\/v2\/media\/1656"}],"wp:attachment":[{"href":"https:\/\/radiounion.es\/index.php\/wp-json\/wp\/v2\/media?parent=1653"}],"wp:term":[{"taxonomy":"category","embeddable":true,"href":"https:\/\/radiounion.es\/index.php\/wp-json\/wp\/v2\/categories?post=1653"},{"taxonomy":"post_tag","embeddable":true,"href":"https:\/\/radiounion.es\/index.php\/wp-json\/wp\/v2\/tags?post=1653"}],"curies":[{"name":"wp","href":"https:\/\/api.w.org\/{rel}","templated":true}]}}