{"id":1658,"date":"2024-11-19T12:03:57","date_gmt":"2024-11-19T11:03:57","guid":{"rendered":"https:\/\/radiounion.es\/?p=1658"},"modified":"2024-11-19T12:03:57","modified_gmt":"2024-11-19T11:03:57","slug":"la-union-acoge-este-fin-de-semana-la-i-gran-feria-outlet-de-navidad-con-la-participacion-de-9-comercios-locales","status":"publish","type":"post","link":"https:\/\/radiounion.es\/index.php\/2024\/11\/19\/la-union-acoge-este-fin-de-semana-la-i-gran-feria-outlet-de-navidad-con-la-participacion-de-9-comercios-locales\/","title":{"rendered":"La Uni\u00f3n acoge este fin de semana la I Gran Feria Outlet de Navidad con la participaci\u00f3n de 9 comercios locales"},"content":{"rendered":"<p><strong>La campa\u00f1a, con una extensa programaci\u00f3n, cuenta con la organizaci\u00f3n del Ayuntamiento y la colaboraci\u00f3n de FAEPU y la Comunidad Aut\u00f3noma<\/strong><\/p>\n<p><strong>El domingo habr\u00e1 un sorteo a las 14:00 horas en el que se podr\u00e1 participar a partir de los diez euros de compra, y optar a <\/strong><strong>3 fabulosos regalos: una compra-reloj valorada en mil euros; una bicicleta y una Air Fryer<\/strong><\/p>\n<p>El alcalde ha presentado hoy la I Gran Feria Outlet de Navidad, junto con la concejal de Econom\u00eda y Hacienda, Tere L\u00f3pez, de Comercio, Laura Gim\u00e9nez, y el presidente de la Asociaci\u00f3n de Comercios de La Uni\u00f3n, Estanis Mart\u00ednez. El evento se llevar\u00e1 a cabo en la plaza Joaqu\u00edn Costa los d\u00edas 23 y 24 de noviembre.<\/p>\n<p>El alcalde ha destacado que \u201cesta campa\u00f1a se suma a las numerosas iniciativas de este tipo que ya se han celebrado durante este primer a\u00f1o y medio de gobierno y que promueven comprar en el comercio local, ya que esto supone hacer grande al municipio de La Uni\u00f3n, mantenerlo vivo y llenar nuestras calles\u201d.<\/p>\n<p>La feria, en la que participan 9 comercios de La Uni\u00f3n, se inaugurar\u00e1 el s\u00e1bado a las 11:00 horas. A partir de las 12:00 horas, los ni\u00f1os podr\u00e1n disfrutar de los hinchables instalados en la plaza Joaqu\u00edn Costa y los adultos bailar\u00e1n al ritmo de la actuaci\u00f3n musical del grupo Tocadiscos Coberband. A las 12:30 horas, se repartir\u00e1 pastel murciano y bechamelas gratis para todos los asistentes.<\/p>\n<p>Por la tarde, a partir de las 16:30 horas, la Escuela Artedanza realizar\u00e1 una exhibici\u00f3n de baile. A partir de las 17:00 horas, los ni\u00f1os disfrutar\u00e1n de los hinchables, instalados en la calle Mayor. A las 18:00 horas la Agrupaci\u00f3n Musical La Uni\u00f3n celebrar\u00e1 el Concierto Santa Cecilia en el Mercado P\u00fablico. A partir de las 19:30 horas se repartir\u00e1n suculentos gofres gratis para todos los ni\u00f1os y a las 20:00 horas, D.J. Ra\u00fal pondr\u00e1 el broche final al primer d\u00eda de feria.<\/p>\n<p>El domingo, a partir de las 11:00 horas se reanuda la feria. A las 12:30 horas, podremos disfrutar del concierto de Navidad a cargo de Jos\u00e9 Blaya and Christmas Jazz Band. A partir de las 13:30 horas habr\u00e1 reparto de empanadillas gratis para todos los asistentes y a las 14:00 horas se realizar\u00e1 el esperado sorteo en directo con 3 fabulosos regalos: una compra-reloj valorada en mil euros; una bicicleta y una Air Fryer.<\/p>\n<p>Adem\u00e1s, en las celdillas del Mercado P\u00fablico se instalar\u00e1n diversos puestos de productos artesanos t\u00edpicos navide\u00f1os, que har\u00e1n las delicias de todos los asistentes.<\/p>\n<p>Los comercios que participan son:<\/p>\n<p>ALYMO<\/p>\n<p>DEPORTES 2001 SPORT<\/p>\n<p>TRENDY WEAR<\/p>\n<p>MAR DE CAPRICHOS<\/p>\n<p>TOTAL LOOK<\/p>\n<p>PELUQUER\u00cdA LA GALER\u00cdA<\/p>\n<p>CHACHI PIRULETA<\/p>\n<p>REGALOS FLORI GUERRERO<\/p>\n<p>ISI REGALOS Y COMPLEMENTOS<\/p>\n","protected":false},"excerpt":{"rendered":"<p>La campa\u00f1a, con una extensa programaci\u00f3n, cuenta con la organizaci\u00f3n del Ayuntamiento y la colaboraci\u00f3n de FAEPU y la Comunidad Aut\u00f3noma El domingo habr\u00e1 un sorteo a las 14:00 horas en el que se podr\u00e1 participar a partir de los diez euros de compra, y optar a 3 fabulosos regalos: una compra-reloj valorada en mil [&hellip;]<\/p>\n","protected":false},"author":2,"featured_media":1659,"comment_status":"open","ping_status":"open","sticky":false,"template":"","format":"standard","meta":{"footnotes":""},"categories":[5],"tags":[],"class_list":["post-1658","post","type-post","status-publish","format-standard","has-post-thumbnail","hentry","category-noticias"],"_links":{"self":[{"href":"https:\/\/radiounion.es\/index.php\/wp-json\/wp\/v2\/posts\/1658","targetHints":{"allow":["GET"]}}],"collection":[{"href":"https:\/\/radiounion.es\/index.php\/wp-json\/wp\/v2\/posts"}],"about":[{"href":"https:\/\/radiounion.es\/index.php\/wp-json\/wp\/v2\/types\/post"}],"author":[{"embeddable":true,"href":"https:\/\/radiounion.es\/index.php\/wp-json\/wp\/v2\/users\/2"}],"replies":[{"embeddable":true,"href":"https:\/\/radiounion.es\/index.php\/wp-json\/wp\/v2\/comments?post=1658"}],"version-history":[{"count":1,"href":"https:\/\/radiounion.es\/index.php\/wp-json\/wp\/v2\/posts\/1658\/revisions"}],"predecessor-version":[{"id":1660,"href":"https:\/\/radiounion.es\/index.php\/wp-json\/wp\/v2\/posts\/1658\/revisions\/1660"}],"wp:featuredmedia":[{"embeddable":true,"href":"https:\/\/radiounion.es\/index.php\/wp-json\/wp\/v2\/media\/1659"}],"wp:attachment":[{"href":"https:\/\/radiounion.es\/index.php\/wp-json\/wp\/v2\/media?parent=1658"}],"wp:term":[{"taxonomy":"category","embeddable":true,"href":"https:\/\/radiounion.es\/index.php\/wp-json\/wp\/v2\/categories?post=1658"},{"taxonomy":"post_tag","embeddable":true,"href":"https:\/\/radiounion.es\/index.php\/wp-json\/wp\/v2\/tags?post=1658"}],"curies":[{"name":"wp","href":"https:\/\/api.w.org\/{rel}","templated":true}]}}