{"id":1767,"date":"2025-01-13T10:45:46","date_gmt":"2025-01-13T09:45:46","guid":{"rendered":"https:\/\/radiounion.es\/?p=1767"},"modified":"2025-01-13T10:45:46","modified_gmt":"2025-01-13T09:45:46","slug":"turbo-rock-9-de-enero-2025","status":"publish","type":"post","link":"https:\/\/radiounion.es\/index.php\/2025\/01\/13\/turbo-rock-9-de-enero-2025\/","title":{"rendered":"Turbo Rock 9 de enero 2025"},"content":{"rendered":"<p>Edici\u00f3n semanal del programa Turbo Rock, para esta ocasi\u00f3n dedicado a la presentaci\u00f3n del \u00faltimo trabajo por parte de la legendaria formaci\u00f3n riojana Tierra Santa, todo un referente dentro del estilo, bajo el t\u00edtulo de Un Viaje \u00c9pico!!!! Se incluye, durante el mismo, una brutal entrevista de m\u00e1s de hora y media de duraci\u00f3n con \u00c1ngel San Juan, vocalista y guitarra de la banda, y a quien tuvimos presente al otro lado del hilo telef\u00f3nico!!!!!<\/p>\n<p>Nos encontramos ante esta nueva producci\u00f3n por parte de la banda de la mano, del potente sello nacional Maldito Records, marcando su regreso tras aquel Destino y publicar, en 2023, su \u00e1lbum y DVD en directo Todos Somos Uno, presentando un \u00e1lbum con ese sonido ya cl\u00e1sico que les ha caracterizado durante casi tres d\u00e9cadas de trayectoria, colmado de sus riffs identificativos, guitarras dobladas y cabalgantes, teclados ambientales y, sobre todo, esa voz tan personal de \u00c1ngel que les dota de su personalidad, y que al final es lo que sus seguidores esperan de ellos, que sean Tierra Santa al 100%, algo que la banda tiene muy claro, manteni\u00e9ndose totalmente fieles a sus principios musicales y ofreciendo a su p\u00fablico lo que espera, cumpliendo con las expectativas de todos aquellos que buscan su caracter\u00edstico sonido, en un tributo a su propia historia y una gran invitaci\u00f3n a seguir disfrutando de su m\u00fasica con la misma pasi\u00f3n de siempre. El trabajo ha sido grabado en los estudios Sonido XXI, de Esparza de Galar, en Navarra, repitiendo f\u00f3rmula de las producciones anteriores, bajo la batuta del gran Javi San Mart\u00edn a los controles, y la verdad es que el resultado, a nivel de sonido, es enorme. Estamos ante un legado de una incuestionable calidad, con unos cortes que har\u00e1n disfrutar a todos los fieles amantes del g\u00e9nero, matizados por la propia personalidad que los riojanos ha atesorado en todos estos a\u00f1os de existencia y en la que este disco se reafirma!!!!! Sinceramente, es todo un enorme placer escuchar este brutal trabajo.<\/p>\n<p>Y sobre todo ya sab\u00e9issss, dejad que el Metal fluya por vuestras venas con la fuerza del trueno&#8230;. en la tormentaaaaaaa!!!!!<\/p>\n<audio class=\"wp-audio-shortcode\" id=\"audio-1767-1\" preload=\"none\" style=\"width: 100%;\" controls=\"controls\"><source type=\"audio\/mpeg\" src=\"https:\/\/www.ivoox.com\/turbo-rock-09-01-2025_md_137631832_wp_1.mp3?_=1\" \/><a href=\"https:\/\/www.ivoox.com\/turbo-rock-09-01-2025_md_137631832_wp_1.mp3\">https:\/\/www.ivoox.com\/turbo-rock-09-01-2025_md_137631832_wp_1.mp3<\/a><\/audio>\n<p>&nbsp;<\/p>\n","protected":false},"excerpt":{"rendered":"<p>Edici\u00f3n semanal del programa Turbo Rock, para esta ocasi\u00f3n dedicado a la presentaci\u00f3n del \u00faltimo trabajo por parte de la legendaria formaci\u00f3n riojana Tierra Santa, todo un referente dentro del estilo, bajo el t\u00edtulo de Un Viaje \u00c9pico!!!! Se incluye, durante el mismo, una brutal entrevista de m\u00e1s de hora y media de duraci\u00f3n con [&hellip;]<\/p>\n","protected":false},"author":2,"featured_media":1768,"comment_status":"open","ping_status":"open","sticky":false,"template":"","format":"standard","meta":{"footnotes":""},"categories":[13],"tags":[],"class_list":["post-1767","post","type-post","status-publish","format-standard","has-post-thumbnail","hentry","category-turbo-rock"],"_links":{"self":[{"href":"https:\/\/radiounion.es\/index.php\/wp-json\/wp\/v2\/posts\/1767","targetHints":{"allow":["GET"]}}],"collection":[{"href":"https:\/\/radiounion.es\/index.php\/wp-json\/wp\/v2\/posts"}],"about":[{"href":"https:\/\/radiounion.es\/index.php\/wp-json\/wp\/v2\/types\/post"}],"author":[{"embeddable":true,"href":"https:\/\/radiounion.es\/index.php\/wp-json\/wp\/v2\/users\/2"}],"replies":[{"embeddable":true,"href":"https:\/\/radiounion.es\/index.php\/wp-json\/wp\/v2\/comments?post=1767"}],"version-history":[{"count":1,"href":"https:\/\/radiounion.es\/index.php\/wp-json\/wp\/v2\/posts\/1767\/revisions"}],"predecessor-version":[{"id":1769,"href":"https:\/\/radiounion.es\/index.php\/wp-json\/wp\/v2\/posts\/1767\/revisions\/1769"}],"wp:featuredmedia":[{"embeddable":true,"href":"https:\/\/radiounion.es\/index.php\/wp-json\/wp\/v2\/media\/1768"}],"wp:attachment":[{"href":"https:\/\/radiounion.es\/index.php\/wp-json\/wp\/v2\/media?parent=1767"}],"wp:term":[{"taxonomy":"category","embeddable":true,"href":"https:\/\/radiounion.es\/index.php\/wp-json\/wp\/v2\/categories?post=1767"},{"taxonomy":"post_tag","embeddable":true,"href":"https:\/\/radiounion.es\/index.php\/wp-json\/wp\/v2\/tags?post=1767"}],"curies":[{"name":"wp","href":"https:\/\/api.w.org\/{rel}","templated":true}]}}