{"id":1980,"date":"2025-04-14T20:14:31","date_gmt":"2025-04-14T18:14:31","guid":{"rendered":"https:\/\/radiounion.es\/?p=1980"},"modified":"2025-04-15T21:48:50","modified_gmt":"2025-04-15T19:48:50","slug":"lo-nuestro-la-copla-13-de-abril-2025","status":"publish","type":"post","link":"https:\/\/radiounion.es\/index.php\/2025\/04\/14\/lo-nuestro-la-copla-13-de-abril-2025\/","title":{"rendered":"Lo Nuestro la Copla 13 de abril 2025"},"content":{"rendered":"<p>Cada s\u00e1bado y domingo de 8 a 10 de la ma\u00f1ana la mejor m\u00fasica en espa\u00f1ol, copla, canci\u00f3n espa\u00f1ola, flamenco. Disfruta cada fin de semana de Lo Nuestro la Copla con Nagore Chiscano o vuelve a escucharlo donde y cuando quieras.<\/p>\n<p>&nbsp;<\/p>\n<audio class=\"wp-audio-shortcode\" id=\"audio-1980-1\" preload=\"none\" style=\"width: 100%;\" controls=\"controls\"><source type=\"audio\/mpeg\" src=\"https:\/\/www.ivoox.com\/lo-nuestro-copla-13-abril-2025_md_144975581_wp_1.mp3?_=1\" \/><a href=\"https:\/\/www.ivoox.com\/lo-nuestro-copla-13-abril-2025_md_144975581_wp_1.mp3\">https:\/\/www.ivoox.com\/lo-nuestro-copla-13-abril-2025_md_144975581_wp_1.mp3<\/a><\/audio>\n<p>&nbsp;<\/p>\n","protected":false},"excerpt":{"rendered":"<p>Cada s\u00e1bado y domingo de 8 a 10 de la ma\u00f1ana la mejor m\u00fasica en espa\u00f1ol, copla, canci\u00f3n espa\u00f1ola, flamenco. Disfruta cada fin de semana de Lo Nuestro la Copla con Nagore Chiscano o vuelve a escucharlo donde y cuando quieras. &nbsp; &nbsp;<\/p>\n","protected":false},"author":2,"featured_media":1992,"comment_status":"open","ping_status":"open","sticky":false,"template":"","format":"standard","meta":{"footnotes":""},"categories":[11],"tags":[],"class_list":["post-1980","post","type-post","status-publish","format-standard","has-post-thumbnail","hentry","category-pcd-lo-nuestro-la-copla"],"_links":{"self":[{"href":"https:\/\/radiounion.es\/index.php\/wp-json\/wp\/v2\/posts\/1980","targetHints":{"allow":["GET"]}}],"collection":[{"href":"https:\/\/radiounion.es\/index.php\/wp-json\/wp\/v2\/posts"}],"about":[{"href":"https:\/\/radiounion.es\/index.php\/wp-json\/wp\/v2\/types\/post"}],"author":[{"embeddable":true,"href":"https:\/\/radiounion.es\/index.php\/wp-json\/wp\/v2\/users\/2"}],"replies":[{"embeddable":true,"href":"https:\/\/radiounion.es\/index.php\/wp-json\/wp\/v2\/comments?post=1980"}],"version-history":[{"count":2,"href":"https:\/\/radiounion.es\/index.php\/wp-json\/wp\/v2\/posts\/1980\/revisions"}],"predecessor-version":[{"id":1987,"href":"https:\/\/radiounion.es\/index.php\/wp-json\/wp\/v2\/posts\/1980\/revisions\/1987"}],"wp:featuredmedia":[{"embeddable":true,"href":"https:\/\/radiounion.es\/index.php\/wp-json\/wp\/v2\/media\/1992"}],"wp:attachment":[{"href":"https:\/\/radiounion.es\/index.php\/wp-json\/wp\/v2\/media?parent=1980"}],"wp:term":[{"taxonomy":"category","embeddable":true,"href":"https:\/\/radiounion.es\/index.php\/wp-json\/wp\/v2\/categories?post=1980"},{"taxonomy":"post_tag","embeddable":true,"href":"https:\/\/radiounion.es\/index.php\/wp-json\/wp\/v2\/tags?post=1980"}],"curies":[{"name":"wp","href":"https:\/\/api.w.org\/{rel}","templated":true}]}}