{"id":2213,"date":"2025-07-01T11:44:30","date_gmt":"2025-07-01T09:44:30","guid":{"rendered":"https:\/\/radiounion.es\/?p=2213"},"modified":"2025-07-01T11:46:54","modified_gmt":"2025-07-01T09:46:54","slug":"entrevista-a-flori-de-zoomar-floristeria-en-la-aljorra","status":"publish","type":"post","link":"https:\/\/radiounion.es\/index.php\/2025\/07\/01\/entrevista-a-flori-de-zoomar-floristeria-en-la-aljorra\/","title":{"rendered":"Entrevista a Flori de Zoomar Florister\u00eda en La Aljorra"},"content":{"rendered":"<p>En nuestra \u00faltima entrevista, tuvimos el placer de conversar con Flori, la propietaria de Florister\u00eda Zoomar, un negocio emblem\u00e1tico de La Aljorra que lleva a\u00f1os llenando de color y vida cada rinc\u00f3n del municipio. Flori nos habl\u00f3 de su pasi\u00f3n por las flores, y de la importancia de cuidar cada detalle para ofrecer a sus clientes arreglos \u00fanicos y personalizados. Adem\u00e1s, comparti\u00f3 c\u00f3mo ha evolucionado el negocio con los a\u00f1os y c\u00f3mo sigue apostando por la cercan\u00eda, la calidad y el trato familiar que la caracteriza.<\/p>\n<p>&nbsp;<\/p>\n<audio class=\"wp-audio-shortcode\" id=\"audio-2213-1\" preload=\"none\" style=\"width: 100%;\" controls=\"controls\"><source type=\"audio\/mpeg\" src=\"https:\/\/www.ivoox.com\/entrevista-a-flori-zoomar-floristeria-la_md_151476639_wp_1.mp3?_=1\" \/><a href=\"https:\/\/www.ivoox.com\/entrevista-a-flori-zoomar-floristeria-la_md_151476639_wp_1.mp3\">https:\/\/www.ivoox.com\/entrevista-a-flori-zoomar-floristeria-la_md_151476639_wp_1.mp3<\/a><\/audio>\n<p>&nbsp;<\/p>\n","protected":false},"excerpt":{"rendered":"<p>En nuestra \u00faltima entrevista, tuvimos el placer de conversar con Flori, la propietaria de Florister\u00eda Zoomar, un negocio emblem\u00e1tico de La Aljorra que lleva a\u00f1os llenando de color y vida cada rinc\u00f3n del municipio. Flori nos habl\u00f3 de su pasi\u00f3n por las flores, y de la importancia de cuidar cada detalle para ofrecer a sus [&hellip;]<\/p>\n","protected":false},"author":2,"featured_media":2215,"comment_status":"open","ping_status":"open","sticky":false,"template":"","format":"standard","meta":{"footnotes":""},"categories":[7],"tags":[],"class_list":["post-2213","post","type-post","status-publish","format-standard","has-post-thumbnail","hentry","category-podcast"],"_links":{"self":[{"href":"https:\/\/radiounion.es\/index.php\/wp-json\/wp\/v2\/posts\/2213","targetHints":{"allow":["GET"]}}],"collection":[{"href":"https:\/\/radiounion.es\/index.php\/wp-json\/wp\/v2\/posts"}],"about":[{"href":"https:\/\/radiounion.es\/index.php\/wp-json\/wp\/v2\/types\/post"}],"author":[{"embeddable":true,"href":"https:\/\/radiounion.es\/index.php\/wp-json\/wp\/v2\/users\/2"}],"replies":[{"embeddable":true,"href":"https:\/\/radiounion.es\/index.php\/wp-json\/wp\/v2\/comments?post=2213"}],"version-history":[{"count":2,"href":"https:\/\/radiounion.es\/index.php\/wp-json\/wp\/v2\/posts\/2213\/revisions"}],"predecessor-version":[{"id":2216,"href":"https:\/\/radiounion.es\/index.php\/wp-json\/wp\/v2\/posts\/2213\/revisions\/2216"}],"wp:featuredmedia":[{"embeddable":true,"href":"https:\/\/radiounion.es\/index.php\/wp-json\/wp\/v2\/media\/2215"}],"wp:attachment":[{"href":"https:\/\/radiounion.es\/index.php\/wp-json\/wp\/v2\/media?parent=2213"}],"wp:term":[{"taxonomy":"category","embeddable":true,"href":"https:\/\/radiounion.es\/index.php\/wp-json\/wp\/v2\/categories?post=2213"},{"taxonomy":"post_tag","embeddable":true,"href":"https:\/\/radiounion.es\/index.php\/wp-json\/wp\/v2\/tags?post=2213"}],"curies":[{"name":"wp","href":"https:\/\/api.w.org\/{rel}","templated":true}]}}