{"id":2271,"date":"2025-07-28T21:15:02","date_gmt":"2025-07-28T19:15:02","guid":{"rendered":"https:\/\/radiounion.es\/?p=2271"},"modified":"2025-07-28T21:15:02","modified_gmt":"2025-07-28T19:15:02","slug":"el-cante-de-las-minas-rinde-homenaje-a-uno-de-los-ultimos-mineros-vivos-de-portman-que-trabajo-en-las-profundidades","status":"publish","type":"post","link":"https:\/\/radiounion.es\/index.php\/2025\/07\/28\/el-cante-de-las-minas-rinde-homenaje-a-uno-de-los-ultimos-mineros-vivos-de-portman-que-trabajo-en-las-profundidades\/","title":{"rendered":"El Cante de las Minas rinde homenaje a uno de los \u00faltimos mineros vivos de Portm\u00e1n que trabaj\u00f3 en las profundidades"},"content":{"rendered":"<p>Luis Gudi\u00f1o es uno de los pocos mineros de Portm\u00e1n que han trabajado bajo tierra, en las profundidades, que queda vivo. A sus 82 a\u00f1os, a\u00fan tiene la memoria clara para recordar toda una trayectoria profesional \u201cpicando piedra\u201d en las minas La Robustiana y San Rafael. Este a\u00f1o, el Festival Internacional del Cante de las Minas le honra con el homenaje al minero, una distinci\u00f3n que conecta con las ra\u00edces de esta convocatoria cultural y pone en valor la ardua labor de quienes trabajaron la tierra d\u00e9cadas atr\u00e1s. Lo recibe tranquilo, con la alegr\u00eda de que se acuerden de \u00e9l.<\/p>\n<p>Luis naci\u00f3 en Badajoz, pero su cu\u00f1ado Juan le dijo que fuera a Portm\u00e1n, que hab\u00eda trabajo, y como estaba en paro no dud\u00f3 en venirse. Ten\u00eda 17 a\u00f1os y comenz\u00f3 de pe\u00f3n para pasar m\u00e1s tarde a los martillos, cada vez m\u00e1s y m\u00e1s grandes, lo que le hizo ser maestro perforista. El amor se cruz\u00f3 por medio y su v\u00ednculo con el pueblo se hizo cada vez m\u00e1s s\u00f3lido: \u201cElla iba hacia abajo y yo hacia arriba de la calle Mayor y fue como si dos coches se chocaran. Me llev\u00f3 pa\u2019 lante\u201d, cuenta entre risas sobre este inicio de relaci\u00f3n que le ha dado ocho hijos.<\/p>\n<p>A d\u00eda de hoy, es de los pocos mineros que afirma con rotundidad que le gustaba su trabajo. \u201cSe hac\u00edan las horas m\u00e1s cortas, aunque trabajaba 12 al d\u00eda\u201d, cuenta, y tambi\u00e9n recuerda c\u00f3mo le re\u00f1\u00edan porque era muy joven, para que hiciera otra cosa, pero \u00e9l quer\u00eda trabajar all\u00ed y nunca se plante\u00f3 otro trabajo. No obstante, confiesa que \u201cera muy penoso tener que echar 35 cunas de 1.000 kg para ganar 1.500 pesetas a la semana\u201d, contando que los cantos que se colaban en los ra\u00edles no siempre permit\u00edan sacar las cunas. Tambi\u00e9n vivi\u00f3 el cambio de la mina subterr\u00e1nea a cielo abierto, pasando de ser perforista a \u201cminero de la calle\u201d. \u201cAh\u00ed perd\u00edas \u2018cuartos\u2019, porque ganabas menos, pero estabas mejor\u201d, afirma.<\/p>\n<p>Abajo o arriba, Luis siempre llevaba consigo un cart\u00f3n de leche, para evitar que \u201cese polvillo se hiciera masa en la garganta\u201d y apareciera la temida silicosis. Se retir\u00f3 a los 52 a\u00f1os. Hace unas semanas se hizo un chequeo m\u00e9dico y, como si de un milagro se tratara, est\u00e1 totalmente limpio de la enfermedad.<\/p>\n<p>&nbsp;<\/p>\n<p><strong>Rescates en la mina<\/strong><\/p>\n<p>En todos estos a\u00f1os, Luis Gudi\u00f1o ha presenciado varios accidentes. Recuerda uno cuando sal\u00eda de La Robustiana y su encargado le dijo que avisara a todos los mineros para que salieran a la calle, que se hab\u00eda producido un accidente. Se hab\u00eda hundido una pala y trajeron un tractor \u201csin cuchara\u201d; embragaron la pala, tiraron y se partieron los cables, lo que hizo que la pala se hundiera m\u00e1s abajo, llev\u00e1ndose consigo a algunos de los trabajadores, \u201cque se les vino la tierra encima y no pudieron salir\u201d. \u201cDebajo del tractor hab\u00eda uno vivo, pero no pod\u00edamos sacarlo bien porque ten\u00eda el brazo enganchado; otro ten\u00eda un leg\u00f3n clavado y tuvimos que parar la m\u00e1quina para empezar a sacarlos\u201d, cuenta con una angustia que se mantiene con el paso de los a\u00f1os. Consiguieron sacar a cinco hombres vivos entre los compa\u00f1eros. \u201cCuando llegaron los de Pe\u00f1arroya ya los hab\u00edamos sacado, pero los honores se los llevaron ellos\u201d, indica.<\/p>\n<p>&nbsp;<\/p>\n<p><strong>Los fangos de la playa <\/strong><\/p>\n<p>Cayetano, Paco Yuste o Juan son algunos de los nombres que le vienen a Luis a la cabeza si recuerda cantaores que conoci\u00f3 en las minas, que se divert\u00edan en la puerta \u201cdel Mosquito\u201d, aunque tambi\u00e9n ven\u00edan todos al Festival en La Uni\u00f3n.<\/p>\n<p>&nbsp;<\/p>\n<p>Pero m\u00e1s all\u00e1 de esos recuerdos bonitos, entre copas y cantes, los vertidos del Lavadero Roberto tambi\u00e9n est\u00e1n presentes en su memoria. \u201cCuando vi los fangos, que se met\u00edan con los lebeches en Portm\u00e1n, me di cuenta que eso iba a ser malo\u201d, rememora de verlos en El Lastre, incluso recuerda que la arena, arrastrada por el viento, llegaba hasta Calblanque. Ahora, Luis observa desde su pueblo el paso del tiempo de una monta\u00f1a que trabaj\u00f3 y una playa azotada por los residuos del que un d\u00eda fue su trabajo.<\/p>\n<p><strong>\u00a0<\/strong><\/p>\n<p><strong>\u201cNunca hubiera querido que mi marido trabajara en las minas\u201d<\/strong><\/p>\n<p>&nbsp;<\/p>\n<p>La afici\u00f3n que tiene Encarna Hern\u00e1ndez Conesa por el flamenco, y en concreto por el Cante de las Minas, se la contagi\u00f3 su marido Gonzalo Jorquera Saura, que ten\u00eda \u201cpasi\u00f3n por el Festival\u201d. Al lado de su casa estaba la pe\u00f1a flamenca y \u00e9l se iba a ordenar sillas, a colocar las mesas y ayudar con el bar. \u201cLe gustaba con locura y hab\u00eda veces que se tiraban hasta el d\u00eda siguiente casi, toda la madrugada, y yo le dec\u00eda que se ten\u00eda que ir a trabajar, y me respond\u00eda que no me preocupara por eso\u201d, cuenta. Ella le acompa\u00f1aba a alguna gala y le encantaba o\u00edr las mineras y las cartageneras. Desde que muri\u00f3 su marido, hace 12 a\u00f1os, no ha vuelto al Festival, pero este a\u00f1o volver\u00e1 a la \u2018Catedral del Cante\u2019 para recibir un homenaje como viuda de minero.<\/p>\n<p>&nbsp;<\/p>\n<p>Su marido recibi\u00f3 en su d\u00eda el homenaje al minero. Recuerda que lo pasaron muy bien y que fue much\u00edsima gente: \u201cMi marido fue muy querido y respetado aqu\u00ed en La Uni\u00f3n, porque todav\u00eda hay personas que viven y dicen que quer\u00edan much\u00edsimo\u201d, afirmo. \u00c9l estuvo trabajando en la mina del Cabezo Rajao, pero un accidente con un barreno le rompi\u00f3 las costillas. \u201cYo me enfad\u00e9 mucho y le dije que no fuera m\u00e1s a trabajar all\u00ed\u201d, confiesa, incluso le dijo al encargado de la mina que su marido no iba a ir m\u00e1s a trabajar. Para no deberle nada a nadie, ya que viv\u00edan en unos pisos de la empresa, se buscaron un alquiler en la calle Alfonso X el Sabio y su marido encontr\u00f3 otro trabajo, en el que estuvo durante 17 a\u00f1os, en las explotaciones El Arresto, otra mina de la zona de El Garbanzal y en Pe\u00f1arroya, pero \u201cse pasaban muchas necesidades y calamidades porque ten\u00edamos muy poco dinero\u201d.<\/p>\n<p>&nbsp;<\/p>\n<p>Cuando la actividad empez\u00f3 a flaquear lo despidieron y m\u00e1s tarde le dieron su indemnizaci\u00f3n. Hasta su retiro, continu\u00f3 trabajando en un bar, aunque en todos esos a\u00f1os tambi\u00e9n trabaj\u00f3 en refiner\u00eda. Y al retirarse vino la enfermedad, y luego otra; la \u00faltima fue la que se lo llev\u00f3.<\/p>\n<p>&nbsp;<\/p>\n<p>Ahora Encarna, m\u00e1s all\u00e1 de las dificultades que vivi\u00f3 su marido en las minas, sigue recordando cuando iban cada viernes a bailar al Hogar del Pensionista; o su amistad con Pencho Cros, que era su vecino. El pr\u00f3ximo 30 de julio lo recordar\u00e1 subi\u00e9ndose al templo flamenco del Antiguo Mercado P\u00fablico de La Uni\u00f3n, un escenario en el que todos sus recuerdos fueron a su lado.<\/p>\n","protected":false},"excerpt":{"rendered":"<p>Luis Gudi\u00f1o es uno de los pocos mineros de Portm\u00e1n que han trabajado bajo tierra, en las profundidades, que queda vivo. A sus 82 a\u00f1os, a\u00fan tiene la memoria clara para recordar toda una trayectoria profesional \u201cpicando piedra\u201d en las minas La Robustiana y San Rafael. Este a\u00f1o, el Festival Internacional del Cante de las [&hellip;]<\/p>\n","protected":false},"author":2,"featured_media":2272,"comment_status":"closed","ping_status":"closed","sticky":false,"template":"","format":"standard","meta":{"footnotes":""},"categories":[5],"tags":[],"class_list":["post-2271","post","type-post","status-publish","format-standard","has-post-thumbnail","hentry","category-noticias"],"_links":{"self":[{"href":"https:\/\/radiounion.es\/index.php\/wp-json\/wp\/v2\/posts\/2271","targetHints":{"allow":["GET"]}}],"collection":[{"href":"https:\/\/radiounion.es\/index.php\/wp-json\/wp\/v2\/posts"}],"about":[{"href":"https:\/\/radiounion.es\/index.php\/wp-json\/wp\/v2\/types\/post"}],"author":[{"embeddable":true,"href":"https:\/\/radiounion.es\/index.php\/wp-json\/wp\/v2\/users\/2"}],"replies":[{"embeddable":true,"href":"https:\/\/radiounion.es\/index.php\/wp-json\/wp\/v2\/comments?post=2271"}],"version-history":[{"count":1,"href":"https:\/\/radiounion.es\/index.php\/wp-json\/wp\/v2\/posts\/2271\/revisions"}],"predecessor-version":[{"id":2273,"href":"https:\/\/radiounion.es\/index.php\/wp-json\/wp\/v2\/posts\/2271\/revisions\/2273"}],"wp:featuredmedia":[{"embeddable":true,"href":"https:\/\/radiounion.es\/index.php\/wp-json\/wp\/v2\/media\/2272"}],"wp:attachment":[{"href":"https:\/\/radiounion.es\/index.php\/wp-json\/wp\/v2\/media?parent=2271"}],"wp:term":[{"taxonomy":"category","embeddable":true,"href":"https:\/\/radiounion.es\/index.php\/wp-json\/wp\/v2\/categories?post=2271"},{"taxonomy":"post_tag","embeddable":true,"href":"https:\/\/radiounion.es\/index.php\/wp-json\/wp\/v2\/tags?post=2271"}],"curies":[{"name":"wp","href":"https:\/\/api.w.org\/{rel}","templated":true}]}}