{"id":2274,"date":"2025-07-28T21:18:51","date_gmt":"2025-07-28T19:18:51","guid":{"rendered":"https:\/\/radiounion.es\/?p=2274"},"modified":"2025-07-28T21:22:41","modified_gmt":"2025-07-28T19:22:41","slug":"la-agenda-cultural-del-cante-de-las-minas-se-convierte-en-sede-de-los-grandes-nombres-del-pasado-y-presente-del-flamenco","status":"publish","type":"post","link":"https:\/\/radiounion.es\/index.php\/2025\/07\/28\/la-agenda-cultural-del-cante-de-las-minas-se-convierte-en-sede-de-los-grandes-nombres-del-pasado-y-presente-del-flamenco\/","title":{"rendered":"La Agenda Cultural del Cante de las Minas se convierte en sede de los grandes nombres del pasado y presente del flamenco"},"content":{"rendered":"<p>El pasado y presente del flamenco se unen este verano en el Festival Internacional del Cante de las Minas. La Agenda Cultural del encuentro flamenco desplegar\u00e1 del 30 de julio al 9 de agosto un conjunto de actos paralelos a las galas nocturnas que har\u00e1n que La Uni\u00f3n se convierta en sede de algunos de los grandes nombres asociados a este g\u00e9nero por su trayectoria, su difusi\u00f3n y defensa del flamenco, y su capacidad para seguir perpetuando este arte declarado Patrimonio Cultural Inmaterial de la Humanidad.<\/p>\n<p>La programaci\u00f3n completa de la 64\u00aa edici\u00f3n del Festival se ha presentado esta ma\u00f1ana en el Patio de las Comarcas de la Asamblea Regional; un lugar que ha hecho gala de \u201cuna expresi\u00f3n de nuestra memoria colectiva y del compromiso con la cultura y con este patrimonio vivo de la Regi\u00f3n de Murcia\u201d, tal y como indic\u00f3 la presidenta de este \u00f3rgano, Visitaci\u00f3n Mart\u00ednez. \u201cLa Uni\u00f3n ha sabido elevar el toque, el cante y el baile hasta lo m\u00e1s alto y rendir un merecido homenaje a todos los mineros de una tierra que ha sabido transformar su memoria en arte\u201d, a\u00f1adi\u00f3.<\/p>\n<p>Fue Joaqu\u00edn Zapata, presidente de la Fundaci\u00f3n Cante de las Minas, quien desvel\u00f3 la programaci\u00f3n de esta edici\u00f3n, creada \u201ccon el compromiso de ofrecer la excelencia cultural y flamenca, con ilusi\u00f3n y responsabilidad, para un festival que debe ser orgullo de todos y referente a nivel mundial\u201d. El d\u00eda 30 el cante volver\u00e1 a la Iglesia Nuestra Se\u00f1ora del Rosario en la tradicional misa minera, a las 20:00 horas, a cargo de Paco Severo y Antonio Mu\u00f1oz, tras la que se encender\u00e1 el p\u00f3rtico y se abrir\u00e1 al p\u00fablico la Avenida del Flamenco. Una jornada que conecta la \u2018Catedral del Cante\u2019 con el D\u00eda de La Uni\u00f3n, rindiendo homenaje al minero y la viuda del minero, cuyos nombres se desvelar\u00e1n en los pr\u00f3ximos d\u00edas, adem\u00e1s de ofrecer la actuaci\u00f3n de la Agrupaci\u00f3n Musical de La Uni\u00f3n, la Coral Argentum, Artedanza y de la cantaora Encarnaci\u00f3n Fern\u00e1ndez, dos veces ganadora de la \u2018L\u00e1mpara Minera\u2019, acompa\u00f1ada al toque por el guitarrista oficial del Festival, Antonio Mu\u00f1oz. El preg\u00f3n a cargo de Imanol Arias y la Gala de Ganadores \u2013 que vuelve a incluir trovo y, por primera vez, al ganador del \u2018Desplante Juvenil-, dar\u00e1n inicio a la programaci\u00f3n de galas al d\u00eda siguiente, que protagonizar\u00e1n Antonio Rey, Sara Baras, Jes\u00fas Carmona en una gala ofrecida por LA VERDAD con el impulso de Flamenco Real, Mayte Mart\u00edn y Ezequiel Benitez y el Ballet Flamenco de Andaluc\u00eda. Las galas concluir\u00e1n con las semifinales del concurso, del 6 al 8 de agosto, para dar paso a la gran final el d\u00eda 9, cuando se conocer\u00e1n a los nuevos ganadores de los m\u00e1ximos galardones del flamenco.<\/p>\n<p>En estos diez d\u00edas de programaci\u00f3n se entregar\u00e1 a cinco personas el \u2018Castillete de Oro\u2019, la m\u00e1xima distinci\u00f3n que otorga la Fundaci\u00f3n Cante de las Minas, para reconocer a quienes destacan en la promoci\u00f3n del flamenco: los guitarristas Yerai Cort\u00e9s y Pepe Habichuela, el cantaor y productor flamenco Pepe de Luc\u00eda, el periodista Vicente Vall\u00e9s y el grupo Arde Bogot\u00e1. La \u2018Medalla de Oro\u2019 en esta ocasi\u00f3n se entregar\u00e1 al Teatro Real.<\/p>\n<p>La plaza Joaqu\u00edn Costa nutrir\u00e1 su paseo de la fama flamenco con cinco nuevos nombres que quedar\u00e1n para siempre reflejados en la popularmente conocida como \u2018Avenida del flamenco\u2019, cuyas placas inaugurar\u00e1n sus propios protagonistas: Antonio Rey, Pepe de Luc\u00eda, Pepe Habichuela, Jes\u00fas Carmona y el Ballet Flamenco de Andaluc\u00eda.<\/p>\n<p>&nbsp;<\/p>\n<p><strong>Otras distinciones <\/strong><\/p>\n<p><strong>\u00a0<\/strong>Hace 50 a\u00f1os que Barquerito de Fuengirola se hizo con la \u2018L\u00e1mpara Minera\u2019. El cantaor, que falleci\u00f3 en noviembre de 2024, ser\u00e1 reconocido a t\u00edtulo p\u00f3stumo con el \u2018Carburo de oro\u2019, que recoger\u00e1 su familia; una distinci\u00f3n que tambi\u00e9n recibir\u00e1 el guitarrista oficial del Festival, Antonio Mu\u00f1oz. El \u2018Rojo el Alpargatero\u2019 reconocer\u00e1 la labor de la Pe\u00f1a El Lucero como promotora del Festival La Cata Flamenca, que este a\u00f1o celebra su 50 aniversario.<\/p>\n<p><strong>\u00a0<\/strong>Los premios \u2018Pencho Cros\u2019 distinguir\u00e1n el d\u00eda 6 de agosto a Antonio Carri\u00f3n por sus 50 a\u00f1os de maestr\u00eda a la guitarra; Antonio Conde como promotor de los caf\u00e9s Cantantes de Granada; Pedro J. Bernal por su labor como responsable de producci\u00f3n y contenidos digitales de la Fundaci\u00f3n Cante de las Minas, y al cantaor Juan Pinilla por la difusi\u00f3n del flamenco.<\/p>\n<p>El d\u00eda 7 se entregar\u00e1 el \u2018Esteban Bernal Velasco\u2019 -premio que rinde homenaje al fundador del Festival-, al Conservatorio de M\u00fasica de Cartagena por su Centenario, una jornada que incluye una actuaci\u00f3n de sus alumnos.<\/p>\n<p>&nbsp;<\/p>\n<p><strong>Exposiciones y presentaciones de libros<\/strong><\/p>\n<p>La pintora Perla Fuertes protagonizar\u00e1 una exposici\u00f3n de pintura que se mantendr\u00e1 durante todo el Festival en el Museo Minero y que ser\u00e1 inaugurada el d\u00eda 30 a las 19:00 horas.<\/p>\n<p>Ser\u00e1n tres los libros que se presentar\u00e1n: \u2018Now or never\u2019 de Pepe Habichuela, a cargo de Jos\u00e9 Manuel Gamboa (3 de agosto); \u2018100 a\u00f1os de flamenco y radio\u2019 de Ildelfonso Vergara y \u2018Los colores de la nieve\u2019 de Juan Pinilla (4 de agosto).<\/p>\n<p>Tambi\u00e9n formar\u00e1n parte de la Agenda Cultural la proyecci\u00f3n de \u2018La guitarra flamenca de Yerai Cort\u00e9s\u2019 (1 de agosto, 13:00h), y la presentaci\u00f3n del disco \u2018De flamenco cantan a Pencho\u2019, a cargo de Jos\u00e9 Manuel Gamboa con motivo del centenario de Pencho Cros (4 de agosto, 20:00h), ambos actos tendr\u00e1n lugar en el Ayuntamiento de La Uni\u00f3n.<\/p>\n<p>&nbsp;<\/p>\n<p><strong>Trovo <\/strong><\/p>\n<p>El arte de la repentizaci\u00f3n, por su vinculaci\u00f3n hist\u00f3rica con el flamenco, tambi\u00e9n estar\u00e1 presente en la Agenda Cultural con la celebraci\u00f3n de la s\u00e9ptima edici\u00f3n del Certamen Internacional de Trovo \u2018Pascual Garc\u00eda Mateos\u2019, Ser\u00e1 el d\u00eda 9 de agosto, con las semifinales a las 12:00 horas y la gran final a partir de las 17:00h. Ese mismo d\u00eda se entregar\u00e1 el galard\u00f3n \u2018Trovero Mar\u00edn\u2019 a Alfonso \u2018El Levantino\u2019 en representaci\u00f3n de todos los cantaores de trovo.<\/p>\n<p>Como novedad, el 3 de agosto habr\u00e1 un encuentro de repentizaci\u00f3n entre Colombia y La Uni\u00f3n, a las 13:00 horas en el Sal\u00f3n de Actos del Ayuntamiento de La Uni\u00f3n.<\/p>\n<p>&nbsp;<\/p>\n<p><strong>Madrug\u00e1s <\/strong><\/p>\n<p>La Fundaci\u00f3n Cante de las Minas sigue apostando por ofrecer espect\u00e1culos gratuitos que mantengan la hist\u00f3rica tradici\u00f3n en torno al Festival de que el flamenco siga sonando hasta altas horas de la madrugada. Los establecimientos hosteleros del municipio acoger\u00e1n las madrug\u00e1s que cerrar\u00e1n cada una de las noches de esta 64\u00aa edici\u00f3n.<\/p>\n<p>Por ellas pasar\u00e1n los cantaores Mar\u00eda Bel\u00e9n Alaminos, Basti\u00e1n, Jos\u00e9 Antonio Chac\u00f3n, Celia Jim\u00e9nez, Roc\u00edo Mart\u00ednez, Isco Heredia y Anabel de Vico; los guitarristas Miguel \u00c1ngel Solano, Antonio Mu\u00f1oz, Oscar Gallardo, Jos\u00e9 Manuel Mart\u00ednez \u2018El Peli\u2019, Alberto Romero, Juan A. Mateos y Juan Mart\u00ednez; y las bailaoras Mar\u00eda Elena Lorente, Luc\u00eda Campillo, Marcos Morales, Jos\u00e9 C\u00e1novas y Lorena Jim\u00e9nez. Los J\u00f3venes Talentos de la Escuela de Flamenco de Andaluc\u00eda (EFA) tambi\u00e9n estar\u00e1n presentes en esta programaci\u00f3n nocturna.<\/p>\n<p>\u201cSomos tierra de festivales, tierra de cultura y talento\u201d, subray\u00f3 la consejera de Turismo, Cultura Juventud y Deportes, Carmen Conesa, durante la presentaci\u00f3n. \u201cEl Cante de las Minas es un claro ejemplo de que los festivales de m\u00fasica en vivo se han convertido en una actividad cultural y de ocio de gran impacto tur\u00edstico y social. Son un instrumento de construcci\u00f3n de imagen de un territorio, que aumentan la promoci\u00f3n cultural y tur\u00edstica\u201d, concluy\u00f3. La presentaci\u00f3n de la Agenda Cultural finaliz\u00f3 con la actuaci\u00f3n de Miguel \u00c1ngel Solano al toque, Mar\u00eda Bel\u00e9n Alamillos al cante y Mar\u00eda Elena Corv\u00ed al baile.<\/p>\n<p>El Festival Internacional del Cante de las Minas est\u00e1 organizado por la Fundaci\u00f3n Cante de las Minas, con el respaldo del Ayuntamiento de La Uni\u00f3n, el Ministerio de Cultura a trav\u00e9s del Inaem y la Comunidad Aut\u00f3noma de la Regi\u00f3n de Murcia mediante el Instituto de las Industrias Culturales y las Artes (ICA). Cuenta con el patrocinio de Fundaci\u00f3n Cajamurcia y CaixaBank, Cruzcampo, Repsol, El Pozo Alimentaci\u00f3n, Cajamar, MIN La Uni\u00f3n, ELSAMEX, Gruexma, Grupo Avanza, Inmesur Levante, Jumabeda, Grupo Luna, Suministros Mayor, Greycon 07, Parafarmacia Barcel\u00f3, Tecsumaga y Cetina Hotels.<\/p>\n","protected":false},"excerpt":{"rendered":"<p>El pasado y presente del flamenco se unen este verano en el Festival Internacional del Cante de las Minas. La Agenda Cultural del encuentro flamenco desplegar\u00e1 del 30 de julio al 9 de agosto un conjunto de actos paralelos a las galas nocturnas que har\u00e1n que La Uni\u00f3n se convierta en sede de algunos de [&hellip;]<\/p>\n","protected":false},"author":2,"featured_media":2275,"comment_status":"closed","ping_status":"closed","sticky":false,"template":"","format":"standard","meta":{"footnotes":""},"categories":[5],"tags":[],"class_list":["post-2274","post","type-post","status-publish","format-standard","has-post-thumbnail","hentry","category-noticias"],"_links":{"self":[{"href":"https:\/\/radiounion.es\/index.php\/wp-json\/wp\/v2\/posts\/2274","targetHints":{"allow":["GET"]}}],"collection":[{"href":"https:\/\/radiounion.es\/index.php\/wp-json\/wp\/v2\/posts"}],"about":[{"href":"https:\/\/radiounion.es\/index.php\/wp-json\/wp\/v2\/types\/post"}],"author":[{"embeddable":true,"href":"https:\/\/radiounion.es\/index.php\/wp-json\/wp\/v2\/users\/2"}],"replies":[{"embeddable":true,"href":"https:\/\/radiounion.es\/index.php\/wp-json\/wp\/v2\/comments?post=2274"}],"version-history":[{"count":1,"href":"https:\/\/radiounion.es\/index.php\/wp-json\/wp\/v2\/posts\/2274\/revisions"}],"predecessor-version":[{"id":2276,"href":"https:\/\/radiounion.es\/index.php\/wp-json\/wp\/v2\/posts\/2274\/revisions\/2276"}],"wp:featuredmedia":[{"embeddable":true,"href":"https:\/\/radiounion.es\/index.php\/wp-json\/wp\/v2\/media\/2275"}],"wp:attachment":[{"href":"https:\/\/radiounion.es\/index.php\/wp-json\/wp\/v2\/media?parent=2274"}],"wp:term":[{"taxonomy":"category","embeddable":true,"href":"https:\/\/radiounion.es\/index.php\/wp-json\/wp\/v2\/categories?post=2274"},{"taxonomy":"post_tag","embeddable":true,"href":"https:\/\/radiounion.es\/index.php\/wp-json\/wp\/v2\/tags?post=2274"}],"curies":[{"name":"wp","href":"https:\/\/api.w.org\/{rel}","templated":true}]}}