{"id":2283,"date":"2025-07-31T08:39:12","date_gmt":"2025-07-31T06:39:12","guid":{"rendered":"https:\/\/radiounion.es\/?p=2283"},"modified":"2025-07-31T08:39:12","modified_gmt":"2025-07-31T06:39:12","slug":"raiz-legado-y-talento-sobre-las-tablas-de-la-catedral-del-cante-por-el-dia-de-la-union","status":"publish","type":"post","link":"https:\/\/radiounion.es\/index.php\/2025\/07\/31\/raiz-legado-y-talento-sobre-las-tablas-de-la-catedral-del-cante-por-el-dia-de-la-union\/","title":{"rendered":"Ra\u00edz, legado y talento sobre las tablas de la \u2018Catedral del Cante\u2019 por el D\u00eda de La Uni\u00f3n"},"content":{"rendered":"<p>La \u2018Avenida del Flamenco\u2019 vuelve a iluminarse y llenarse de color para recibir una nueva edici\u00f3n del Festival Internacional del Cante de las Minas, La tradicional misa minera en la parroquia Nuestra Se\u00f1ora del Rosario, interpretada por el cantaor Paco Severo y el guitarrista Antonio Mu\u00f1oz, enton\u00f3 los primeros cantes de estos once d\u00edas en los que La Uni\u00f3n se convierte en epicentro mundial del flamenco. El corte de cinta a cargo del alcalde, Joaqu\u00edn Zapata, junto al pregonero de esta edici\u00f3n, Imanol Arias, acompa\u00f1ados del equipo de Gobierno, marc\u00f3 la apertura de los estands de la Plaza Joaqu\u00edn Costa y del Caf\u00e9 Cantante, y abri\u00f3 el camino para volver a sentir un evento \u00fanico en la majestuosidad de la \u2018Catedral del Cante\u2019. Dentro, la escenograf\u00eda del artista Esteban Bernal Aguirre volvi\u00f3 a abrazar a quienes llegaron a este escenario para que ra\u00edz, legado y talento estuvieran m\u00e1s conectados que nunca en esta jornada pr\u00f3logo del Festival.<\/p>\n<p>El primer acto supuso un \u201creconocimiento a quienes nos han tra\u00eddo hasta aqu\u00ed: los mineros\u201d, tal y como indic\u00f3 Zapata. As\u00ed, Luis Gudi\u00f1o recibi\u00f3 el homenaje al minero. Se trata de uno de los pocos mineros de Portm\u00e1n con vida de los que trabajaron en las minas subterr\u00e1neas. Lleg\u00f3 al pueblo en busca de trabajo cuando tan solo ten\u00eda 17 a\u00f1os y se qued\u00f3 por amor, a su mujer y tambi\u00e9n a su trabajo, siendo uno de los pocos mineros que afirma que le gustaba su labor pesar de la dureza de la mina. Limpio al 100% de silicosis, seg\u00fan \u00e9l porque siempre llevaba consigo un cart\u00f3n de leche para ir bebiendo y evitar que le atacar la enfermedad, ahora agradece \u201cque se hayan acordado de un minero de Portm\u00e1n\u201d. \u201cAqu\u00ed estar\u00e9 hasta que Dios quiera\u201d, dijo Gudi\u00f1o entre aplausos y el calor de su familia.<\/p>\n<p>Emocionada recog\u00eda tambi\u00e9n el reconocimiento a la viuda del minero Encarna Hern\u00e1ndez al dedicarlo a su familia. Llevaba sin pisar la \u2018Catedral del Cante\u2019 12 a\u00f1os, desde que su marido muri\u00f3, un fiel apasionado del Festival y del cante, que tambi\u00e9n recogi\u00f3 el homenaje al minero, e hizo que su mujer se aficionara a este arte. Ahora subi\u00f3 ese escenario en un merecido homenaje rodeada de los suyos.<\/p>\n<p>\u201cEste es un homenaje que os brinda vuestro pueblo, porque con vuestro trabajo hab\u00e9is permitido que las generaciones venideras tengamos un mundo mejor\u201d, a\u00f1adi\u00f3 Zapata.<\/p>\n<p>&nbsp;<\/p>\n<p><strong>Fusi\u00f3n de disciplinas en pro del arte<\/strong><\/p>\n<p>Unos 50 m\u00fasicos se subieron al escenario de la \u2018Catedral del Cante\u2019 para llenarla de m\u00fasica. La Agrupaci\u00f3n Musical de La Uni\u00f3n deleit\u00f3 a los asistentes con cuatro piezas musicales, incluyendo pasodobles y una malague\u00f1a, guiados por su director Luis Gonz\u00e1lez Mar\u00edn. Mientras las interpretaban, la artista Ana Garc\u00eda, miembro de la banda, dibujaba una bailaora flamenca con un gran mant\u00f3n en directo, entre canci\u00f3n y canci\u00f3n, y la bailarina Ilaria Orlandini hac\u00eda encajar el baile contempor\u00e1neo con los compases y ritmos de la agrupaci\u00f3n. M\u00e1s tarde, el himno de La Uni\u00f3n volvi\u00f3 a sonar en este templo gracias a la participaci\u00f3n de la Coral Argentum.<\/p>\n<p>Las primeras mineras de esta edici\u00f3n en el escenario sonaron en la voz de la cantaora Encarnaci\u00f3n Fern\u00e1ndez, dos veces \u2018L\u00e1mpara Minera\u2019, que se acompa\u00f1\u00f3 del guitarrista oficial del Festival y \u2018Bord\u00f3n Minero\u2019 1989, Antonio Mu\u00f1oz, en una actuaci\u00f3n en la que demostr\u00f3 su maestr\u00eda en los cantes de Levante ante un p\u00fablico entregado a su arte, al que tambi\u00e9n regal\u00f3 su voz por malague\u00f1a, fandangos abandolaos, garrot\u00edn, tientos tangos y murciana.<\/p>\n<p>El punto y final lo pusieron los bailes de las alumnas de ArteDanza, centro de formaci\u00f3n asociado al Cante de las Minas dirigido por Mar\u00eda Elena Lorente Corv\u00ed, a ritmo de farruca y caracoles.<\/p>\n<p>Tras la gala se inauguraron las madrug\u00e1s flamencas en el Caf\u00e9 Cantante a cargo del guitarrista Miguel \u00c1ngel Solano, la cantaora Mar\u00eda Bel\u00e9n Alaminos y la bailaora Mar\u00eda Elena Lorente Corv\u00ed, patrocinada por Gruexma.<\/p>\n<p>&nbsp;<\/p>\n<p><strong>Bailaoras flamencas para llenar de color el Museo Minero <\/strong><\/p>\n<p><strong>\u00a0<\/strong>El \u2018Latido Flamenco\u2019 de la pintora Perla Fuertes impregn\u00f3 de color el Museo Minero de La Uni\u00f3n. La inauguraci\u00f3n de la muestra durante la Agenda Cultural permiti\u00f3 acercarse al papel de la mujer y de lo femenino dentro de la expresi\u00f3n art\u00edstica del flamenco. Las obras, que simulan estar en movimiento, fusionan pasi\u00f3n, fuerza, intensidad y pura emoci\u00f3n, haciendo que \u201cel sabor del cante y del baile aparezca en su obra\u201d, como anticip\u00f3 Mart\u00edn P\u00e1ez, director de la Real Academia de las Bellas Artes de Santa Mar\u00eda de la Arrixaca de Murcia.<\/p>\n<p>El realismo de las obras hace al visitante sumergirse en su sentir, pasando de la pasi\u00f3n del flamenco a momentos de sobriedad; de una mujer con mant\u00f3n a una matriarca vestida de lunares con un ramo de rosas; y susurros, contoneos, desasosiegos y muestras de templanza.<\/p>\n<p>La exposici\u00f3n se podr\u00e1 visitar durante todo el mes de agosto.<\/p>\n<p>&nbsp;<\/p>\n<p><strong>Pr\u00f3ximos eventos<\/strong><\/p>\n<p>Jueves, 31 de julio, tendr\u00e1 lugar la entrega de una de las distinciones m\u00e1s importantes de esta edici\u00f3n: la \u2018Medalla de oro\u2019 que recibir\u00e1 el Teatro Real en reconocimiento a su firme compromiso con la difusi\u00f3n, promoci\u00f3n y dignificaci\u00f3n del arte flamenco. El acto contar\u00e1 con la actuaci\u00f3n de alumnos y profesores del Conservatorio de M\u00fasica de Cartagena.<\/p>\n<p>Por la noche tendremos uno de los momentos m\u00e1s esperados, el preg\u00f3n que este a\u00f1o corre a cargo de Imanol Arias. Tras \u00e9l, nuestros ganadores de la pasada edici\u00f3n volver\u00e1n a pisar las tablas de la \u2018Catedral del Cante\u2019: Jes\u00fas Corbacho (\u2018L\u00e1mpara Minera\u2019), Joni Jim\u00e9nez (\u2018Bord\u00f3n Minero\u2019), La Yunko (\u2018Desplante\u2019 femenino) y Jos\u00e9 \u2018El Marqu\u00e9s\u2019 (\u2018Fil\u00f3n\u2019). A ellos se sumar\u00e1 el primer ganador del \u2018Desplante\u2019 juvenil, Mat\u00edas Campos, y el ganador del VI Certamen Internacional de Trovos \u2018Pascual Garc\u00eda Mateos\u2019, Iv\u00e1n \u2018El de La Escucha\u2019, y el segundo clasificado Juan Santos \u2018El Baranda\u2019.<\/p>\n<p>La madrug\u00e1 correr\u00e1 a cargo de Basti\u00e1n al cante, Antonio Mu\u00f1oz al toque y Juan Ogalla al baile en el Caf\u00e9 del 33, patrocinada por Tecsumaga.<\/p>\n","protected":false},"excerpt":{"rendered":"<p>La \u2018Avenida del Flamenco\u2019 vuelve a iluminarse y llenarse de color para recibir una nueva edici\u00f3n del Festival Internacional del Cante de las Minas, La tradicional misa minera en la parroquia Nuestra Se\u00f1ora del Rosario, interpretada por el cantaor Paco Severo y el guitarrista Antonio Mu\u00f1oz, enton\u00f3 los primeros cantes de estos once d\u00edas en [&hellip;]<\/p>\n","protected":false},"author":2,"featured_media":2284,"comment_status":"closed","ping_status":"closed","sticky":false,"template":"","format":"standard","meta":{"footnotes":""},"categories":[5],"tags":[],"class_list":["post-2283","post","type-post","status-publish","format-standard","has-post-thumbnail","hentry","category-noticias"],"_links":{"self":[{"href":"https:\/\/radiounion.es\/index.php\/wp-json\/wp\/v2\/posts\/2283","targetHints":{"allow":["GET"]}}],"collection":[{"href":"https:\/\/radiounion.es\/index.php\/wp-json\/wp\/v2\/posts"}],"about":[{"href":"https:\/\/radiounion.es\/index.php\/wp-json\/wp\/v2\/types\/post"}],"author":[{"embeddable":true,"href":"https:\/\/radiounion.es\/index.php\/wp-json\/wp\/v2\/users\/2"}],"replies":[{"embeddable":true,"href":"https:\/\/radiounion.es\/index.php\/wp-json\/wp\/v2\/comments?post=2283"}],"version-history":[{"count":1,"href":"https:\/\/radiounion.es\/index.php\/wp-json\/wp\/v2\/posts\/2283\/revisions"}],"predecessor-version":[{"id":2285,"href":"https:\/\/radiounion.es\/index.php\/wp-json\/wp\/v2\/posts\/2283\/revisions\/2285"}],"wp:featuredmedia":[{"embeddable":true,"href":"https:\/\/radiounion.es\/index.php\/wp-json\/wp\/v2\/media\/2284"}],"wp:attachment":[{"href":"https:\/\/radiounion.es\/index.php\/wp-json\/wp\/v2\/media?parent=2283"}],"wp:term":[{"taxonomy":"category","embeddable":true,"href":"https:\/\/radiounion.es\/index.php\/wp-json\/wp\/v2\/categories?post=2283"},{"taxonomy":"post_tag","embeddable":true,"href":"https:\/\/radiounion.es\/index.php\/wp-json\/wp\/v2\/tags?post=2283"}],"curies":[{"name":"wp","href":"https:\/\/api.w.org\/{rel}","templated":true}]}}