{"id":2286,"date":"2025-08-01T10:12:38","date_gmt":"2025-08-01T08:12:38","guid":{"rendered":"https:\/\/radiounion.es\/?p=2286"},"modified":"2025-08-01T10:12:38","modified_gmt":"2025-08-01T08:12:38","slug":"imanol-arias-interpreta-un-homenaje-a-la-literatura-flamenca-en-el-pregon-del-64o-cante-de-las-minas","status":"publish","type":"post","link":"https:\/\/radiounion.es\/index.php\/2025\/08\/01\/imanol-arias-interpreta-un-homenaje-a-la-literatura-flamenca-en-el-pregon-del-64o-cante-de-las-minas\/","title":{"rendered":"Imanol Arias interpreta un homenaje a la literatura flamenca en el preg\u00f3n del 64\u00ba Cante de las Minas"},"content":{"rendered":"<p><strong>Con un rotundo \u201cque Dios bendiga a esta tierra para siempre\u201d, el actor defendi\u00f3 este festival \u201carraigado en el mundo, que no nace de las modas sino de miles y miles de vidas, de horas de trabajo, sudor, grito, fragua y mina\u201d<\/strong><\/p>\n<p><strong>\u00a0<\/strong><strong>El actor demostr\u00f3 que las historias cantadas tambi\u00e9n pueden ser narradas, contando los or\u00edgenes, penurias y cantes de \u2018El Alcayata\u2019, un personaje en dos tiempos, entre martinete y sole\u00e1, a trav\u00e9s de los poemas de Pedro Atienza<\/strong><\/p>\n<p><strong>\u00a0<\/strong><strong>\u201cDesde hace un tiempo a esta parte, este pueblo tiene un rinconcito importante en mi coraz\u00f3n que me hace estar aqu\u00ed con la misma emoci\u00f3n que el primer d\u00eda que me sub\u00ed a un escenario\u201d, indic\u00f3 el pregonero, afirmando que se trat\u00f3 de \u201cuno de los compromisos m\u00e1s \u2018apretaos\u2019 de su vida por el respeto a la \u201ccatedral del flamenco\u201d <\/strong><\/p>\n<p><strong>\u00a0<\/strong><strong>Jes\u00fas Corbacho, Jos\u00e9 \u2018El Marqu\u00e9s\u2019 y Joni Jim\u00e9nez sorprendieron con una actuaci\u00f3n conjunta en la que \u2018L\u00e1mpara Minera\u2019, \u2018Fil\u00f3n\u2019 y \u2018Bord\u00f3n Minero\u2019 se mostraron como orgullosos ganadores del concurso de la pasada edici\u00f3n<\/strong><\/p>\n<p><strong>\u00a0<\/strong><strong>\u2018La Yunko\u2019 bail\u00f3 por taranto y alegr\u00edas; Mat\u00edas Campos se estren\u00f3 como \u2018Desplante juvenil\u2019 en la \u2018Gala de Ganadores\u2019 y el trovo tuvo presencia gracias a los ganadores del VI Certamen Internacional de Trovos \u2018Pascual Garc\u00eda Mateos\u2019: Iv\u00e1n \u2018El de la Escucha\u2019 y Juan \u2018El Baranda\u2019<\/strong><\/p>\n<p>&nbsp;<\/p>\n<p>\u201cAqu\u00ed me encuentro, en uno de los compromisos m\u00e1s \u2018apretaos\u2019 que tenido en mi vida\u201d. Apenas unos segundos despu\u00e9s de que Imanol Arias pisara el escenario del Antiguo Mercado P\u00fablico de La Uni\u00f3n, el pregonero de esta nueva edici\u00f3n del Festival Internacional del Cante de las Minas confesaba la responsabilidad que asum\u00eda al \u201chacer un preg\u00f3n en un pueblo lleno de historia y en la catedral del flamenco\u201d; una tierra que, de hace un tiempo a esta parte, ha ganado un \u201crinconcito importante\u201d en su coraz\u00f3n y que le hizo, confesaba, estar con la misma ilusi\u00f3n y nervios que el primer d\u00eda que se subi\u00f3 al escenario.<\/p>\n<p>&nbsp;<\/p>\n<p>Con el inconfundible sonido de su voz, que durante m\u00e1s de dos d\u00e9cadas ha acompa\u00f1ado a los hogares espa\u00f1oles trav\u00e9s de la televisi\u00f3n como Antonio Alc\u00e1ntara, cont\u00f3 c\u00f3mo hace unos a\u00f1os conoci\u00f3 a Pedro Atienza una noche en Alcal\u00e1, con el que entabl\u00f3 una gran amistad y recogi\u00f3 un deseo antes de su muerte: que hiciera algo con un \u201cgran poema\u201d que le mand\u00f3 de 130 p\u00e1ginas. \u2018La vida a palos\u2019 acab\u00f3 siendo una obra que gir\u00f3 por toda Espa\u00f1a y cruz\u00f3 hasta Am\u00e9rica, contando la historia de \u2018El Alcayata\u2019 con 12 palos flamencos, de los cuales 2 hicieron presencia anoche en la \u2018Catedral del Cante\u2019 en un homenaje a un amigo, pero tambi\u00e9n a la \u201cliteratura flamenca\u201d.<\/p>\n<p><strong>\u00a0<\/strong><\/p>\n<p>Demostr\u00f3 as\u00ed que las historias del flamenco tambi\u00e9n pueden ser narradas, en un preg\u00f3n teatralizado con el que traslad\u00f3 a los or\u00edgenes y penas de Manuel Valencia Malasa\u00f1a, gitano de la \u201cmanta de arriba\u201d nacido un 4 de junio de 1955 y conocido como \u2018El Alcayata\u2019 por la postura que tomaba al cantar. Convertido en este personaje, comparti\u00f3 c\u00f3mo vino al mundo, con el \u201chambre de la posguerra\u201d, lo que hizo que su primer lloro se convirtiera en cante, y su primer cante tambi\u00e9n fuera llanto. Su primer recuerdo: los martinetes, el \u201cson auroral que anticip\u00f3 los dem\u00e1s cantes; poderoso aullido de fragua y de batalla que deja sin resuello a quienes le ponen voz\u201d. \u201cEl Cante de las Minas tambi\u00e9n es un sentimiento y un grito frente a la adversidad, y una contemplaci\u00f3n del ser humano en esa penuria de la mina y de la oscuridad\u201d, se\u00f1ala Arias, conectando su teatralizaci\u00f3n con el Festival. Porque as\u00ed es el cante, que \u201cmezclado con la hambruna se convierte en una bomba de mano que descuajeringa las entendederas\u201d, especialmente \u201ccuando lo canta un gitano\u201d.<\/p>\n<p>No estuvo solo, porque la voz del cantaor Ra\u00fal Jim\u00e9nez y la guitarra de Antonio Mu\u00f1oz le acompa\u00f1aron, poniendo m\u00fasica al poema de Atienza:<\/p>\n<p>&nbsp;<\/p>\n<p><strong>MARTINETE<\/strong><\/p>\n<p>En la fragua de mi quel<\/p>\n<p>Se cantaba tan gitano,<\/p>\n<p>Que el hierro, mano con mano,<\/p>\n<p>Lo doblegaba Undibel.<\/p>\n<p>T\u00fa eres yunque y yo martillo<\/p>\n<p>Y en cada golpe que pego<\/p>\n<p>Al mismo Undibel le ruego<\/p>\n<p>Que nazca otro gitanillo.<\/p>\n<p>Por m\u00e1s golpes que le d\u00e9<\/p>\n<p>Al hierro del que est\u00e1s hecha<\/p>\n<p>No lo doblega Undibel<\/p>\n<p>Por gitana y por derecha.<\/p>\n<p>&nbsp;<\/p>\n<p>&nbsp;<\/p>\n<p><strong>Una sole\u00e1, \u201cpor si a alguien se le ocurre robar el esp\u00edritu de este festival en un sue\u00f1o de verano\u201d<\/strong><\/p>\n<p>Un enamoramiento le hizo pasar del martinete a la sole\u00e1, cuando en el Caf\u00e9 de Silvero de Madrid,<\/p>\n<p>a la hora incierta de los cantes altos \u201ccuando los flamencos se dicen las cosas que tienen que decirse cantando al golpe, con los nudillos de la mano y la garganta en carne viva\u201d, conoci\u00f3 a quien le robar\u00eda la letra de su cante; un cantaor que cantaba \u201ccon las tripas, a boca abierta y con voz crujida\u201d. Le dio su sole\u00e1, que qued\u00f3 cautiva en su voz. Con esta historia, invit\u00f3 a escuchar la copla sobre el rapto de la sole\u00e1 \u201cpor si a alguien se le ocurre robar el esp\u00edritu del Festival en un sue\u00f1o de verano, porque lo genuino no se puede robar\u201d. Puso as\u00ed en valor el Cante de las Minas, \u201carraigado en el mundo y que no nace de las modas de los festivales de verano, sino de miles y miles de vidas, de horas de trabajo, de sudor, de grito, de fragua y de mina\u201d.<\/p>\n<p>&nbsp;<\/p>\n<p>Termin\u00f3 recitando un soneto que le escribi\u00f3 Atienza, en el que le indica como su condena \u201cproclamar en un \u2018ay\u2019 desafiante tu esencia dolorosa y ultraterrena, con un palo de Levante\u2019. As\u00ed, fue un taranto de Ra\u00fal Jimenez, cantado cara a cara con el pregonero, lo que precedi\u00f3 a un abrazo en el escenario y la emoci\u00f3n plasmada en la voz de Arias, cerrando un preg\u00f3n que hizo al p\u00fablico meterse en la piel de quienes nacen con el cante en la garganta y vuelcan su vida en literatura flamenca.<\/p>\n<p><strong>\u00a0<\/strong><\/p>\n<p><strong>\u00a0<\/strong><\/p>\n<p><strong>Fusi\u00f3n de ganadores<\/strong><\/p>\n<p>Tras el preg\u00f3n, el escenario del Antiguo Mercado P\u00fablico se convirti\u00f3 en una pasarela de talento vinculado ya para siempre a La Uni\u00f3n por conseguir all\u00ed, en esas mismas tablas, los m\u00e1ximos galardones de sus diferentes categor\u00edas de concursos.<\/p>\n<p>Los primeros en aparecer fueron los ganadores del VI Certamen Internacional de Trovo \u2018Pascual Garc\u00eda Mateos\u2019: Iv\u00e1n \u2018El de La Escucha\u2019, que se hizo con el trofeo \u2018\u00c1ngel Cegarra\u2019, y Juan Santos \u2018El Baranda\u2019, que hicieron gala del arte de la repentizaci\u00f3n con la guitarra de Juan Mart\u00ednez \u2018El Mergo\u2019.<\/p>\n<p>Despu\u00e9s, un joven Mat\u00edas Campos aparec\u00eda en el escenario para bailar una sole\u00e1 y mostrarse con orgullo como el primer ganador del \u2018Desplante Juvenil\u2019, acompa\u00f1ado por Fernando Rey, Kiki Corpas y Aron Barrul.<\/p>\n<p>Jos\u00e9 \u2018El Marqu\u00e9s\u2019, premio \u2018Fil\u00f3n\u2019 a la instrumentaci\u00f3n flamenca, volvi\u00f3 con su violonchelo para interpretar garrot\u00edn y alegr\u00edas, invitando a Joni Jim\u00e9nez para hacer grana\u00edna; un \u2018Bord\u00f3n Minero\u2019 que m\u00e1s tarde volvi\u00f3 a sorprender al p\u00fablico de La Uni\u00f3n con taranta y sole\u00e1. En su caso, \u2018La Yunko\u2019, opt\u00f3 por taranto y alegr\u00edas como ganadora del \u2018Desplante femenino\u2019 2024.<\/p>\n<p>La \u2018L\u00e1mpara Minera\u2019 volvi\u00f3 a brillar en la \u2018Catedral del Cante\u2019 en el timbre de Jes\u00fas Corbacho, una voz que volvi\u00f3 a emanar el cante por mineras, adem\u00e1s de pregones, sole\u00e1 y canti\u00f1as, acompa\u00f1ado de David Caro a la guitarra. La gran sorpresa de la noche fue la interpretaci\u00f3n de una guajira junto al \u2018Fil\u00f3n\u2019 y \u2018Bord\u00f3n Minero\u2019, que envolvi\u00f3 en aplausos al templo flamenco.<\/p>\n<p>&nbsp;<\/p>\n<p>La madrug\u00e1 cerr\u00f3 la jornada inaugural con el cante de Basti\u00e1n, la guitarra de Antonio Mu\u00f1oz y el baile Juan Ogalla en el Caf\u00e9 del 33, patrocinada Tecsumaga.<\/p>\n<p>&nbsp;<\/p>\n<p>&nbsp;<\/p>\n<p><strong>Pr\u00f3ximos eventos<\/strong><\/p>\n<p><strong>\u00a0<\/strong>Viernes, 1 de agosto, a las 13:00 horas, el Sal\u00f3n de Actos del Ayuntamiento de La Uni\u00f3n proyectara el documental \u2018La guitarra flamenca de Yerai Cort\u00e9s\u2019, una producci\u00f3n de Ant\u00f3n \u00c1lvarez (C. Tangana) que suma dos premios Goya.<\/p>\n<p>A las 20:00 horas el caj\u00f3n flamenco sonar\u00e1 en la Escuela ArteDanza con la cajoneada a cargo de Pepe Abell\u00e1n. A la misma hora, Yerai Cort\u00e9s recibir\u00e1 el \u2018Castillete de Oro\u2019, m\u00e1xima distinci\u00f3n del Festival.<\/p>\n<p>La gala mostrar\u00e1 el toque del jerezano Antonio Rey, que con su \u2018Historias de un flamenco\u2019, mostrar\u00e1 su evoluci\u00f3n tras ganar el premio \u2018Bord\u00f3n\u2019 en 2003, el m\u00e1ximo reconocimiento al toque, con un espect\u00e1culo en torno a un \u00e1lbum que le hizo ganar su segundo Grammy Latino a Mejor \u00c1lbum de Flamenco. Le acompa\u00f1ar\u00e1n su hermana Mara Rey al cante, Juan Parrilla a la flauta, \u00c1lex Fern\u00e1ndez a la percusi\u00f3n, Manuel Heredia a la guitarra y Josu\u00e9 \u2018El Ronkio\u2019 al bajo.<\/p>\n<p>Tras su gala, se descubrir\u00e1 una placa con su nombre en la \u2018Avenida del Flamenco\u2019. La noche culminar\u00e1 con la madrug\u00e1 a cargo de Basti\u00e1n al cante y Antonio Mu\u00f1oz al toque en El Almac\u00e9n Lounge Bar, patrocinada por MIN La Uni\u00f3n.<\/p>\n","protected":false},"excerpt":{"rendered":"<p>Con un rotundo \u201cque Dios bendiga a esta tierra para siempre\u201d, el actor defendi\u00f3 este festival \u201carraigado en el mundo, que no nace de las modas sino de miles y miles de vidas, de horas de trabajo, sudor, grito, fragua y mina\u201d \u00a0El actor demostr\u00f3 que las historias cantadas tambi\u00e9n pueden ser narradas, contando los [&hellip;]<\/p>\n","protected":false},"author":2,"featured_media":2287,"comment_status":"closed","ping_status":"closed","sticky":false,"template":"","format":"standard","meta":{"footnotes":""},"categories":[5],"tags":[],"class_list":["post-2286","post","type-post","status-publish","format-standard","has-post-thumbnail","hentry","category-noticias"],"_links":{"self":[{"href":"https:\/\/radiounion.es\/index.php\/wp-json\/wp\/v2\/posts\/2286","targetHints":{"allow":["GET"]}}],"collection":[{"href":"https:\/\/radiounion.es\/index.php\/wp-json\/wp\/v2\/posts"}],"about":[{"href":"https:\/\/radiounion.es\/index.php\/wp-json\/wp\/v2\/types\/post"}],"author":[{"embeddable":true,"href":"https:\/\/radiounion.es\/index.php\/wp-json\/wp\/v2\/users\/2"}],"replies":[{"embeddable":true,"href":"https:\/\/radiounion.es\/index.php\/wp-json\/wp\/v2\/comments?post=2286"}],"version-history":[{"count":1,"href":"https:\/\/radiounion.es\/index.php\/wp-json\/wp\/v2\/posts\/2286\/revisions"}],"predecessor-version":[{"id":2288,"href":"https:\/\/radiounion.es\/index.php\/wp-json\/wp\/v2\/posts\/2286\/revisions\/2288"}],"wp:featuredmedia":[{"embeddable":true,"href":"https:\/\/radiounion.es\/index.php\/wp-json\/wp\/v2\/media\/2287"}],"wp:attachment":[{"href":"https:\/\/radiounion.es\/index.php\/wp-json\/wp\/v2\/media?parent=2286"}],"wp:term":[{"taxonomy":"category","embeddable":true,"href":"https:\/\/radiounion.es\/index.php\/wp-json\/wp\/v2\/categories?post=2286"},{"taxonomy":"post_tag","embeddable":true,"href":"https:\/\/radiounion.es\/index.php\/wp-json\/wp\/v2\/tags?post=2286"}],"curies":[{"name":"wp","href":"https:\/\/api.w.org\/{rel}","templated":true}]}}