{"id":2744,"date":"2026-03-13T12:05:58","date_gmt":"2026-03-13T11:05:58","guid":{"rendered":"https:\/\/radiounion.es\/?p=2744"},"modified":"2026-03-13T12:05:58","modified_gmt":"2026-03-13T11:05:58","slug":"la-union-exhibira-el-meteorito-mas-grande-conservado-en-espana-en-la-xxviii-feria-de-minerales-y-fosiles","status":"publish","type":"post","link":"https:\/\/radiounion.es\/index.php\/2026\/03\/13\/la-union-exhibira-el-meteorito-mas-grande-conservado-en-espana-en-la-xxviii-feria-de-minerales-y-fosiles\/","title":{"rendered":"La Uni\u00f3n exhibir\u00e1 el meteorito m\u00e1s grande conservado en Espa\u00f1a en la XXVIII Feria de Minerales y F\u00f3siles"},"content":{"rendered":"<p><strong>El evento reunir\u00e1 a 40 expositores y ofrecer\u00e1 experiencias \u00fanicas como un planetario inmersivo durante los d\u00edas 2, 3 y 4 de abril en el Pabell\u00f3n Ram\u00f3n Solano<\/strong><\/p>\n<p>El municipio de La Uni\u00f3n volver\u00e1 a convertirse en referente del mundo mineral\u00f3gico con la celebraci\u00f3n de la XXVIII Feria de Minerales y F\u00f3siles, que este a\u00f1o tendr\u00e1 como principal atractivo la exposici\u00f3n del meteorito m\u00e1s grande conservado actualmente en Espa\u00f1a, una espectacular pieza procedente de la regi\u00f3n argentina de Campo de Cielo.<\/p>\n<p>La Feria, organizada por la Federaci\u00f3n de Asociaciones de Empresarios y Profesionales de La Uni\u00f3n (FAEPU), ha sido presentada en el Palacio de Aguirre de Cartagena en un acto en el que han participado el alcalde de La Uni\u00f3n, <a href=\"chatgpt:\/\/generic-entity?number=0\">Joaqu\u00edn Zapata<\/a>; el presidente de FAEPU, <a href=\"chatgpt:\/\/generic-entity?number=1\">Carlos Bernab\u00e9<\/a>; el director general de Impulso al Comercio de la Comunidad Aut\u00f3noma de la Regi\u00f3n de Murcia, <a href=\"chatgpt:\/\/generic-entity?number=2\">Rafael G\u00f3mez<\/a>; y el artista unionense <a href=\"chatgpt:\/\/generic-entity?number=3\">Esteban Bernal<\/a>, autor del cartel de esta edici\u00f3n.<\/p>\n<p>Durante la presentaci\u00f3n se ha destacado que la Feria contar\u00e1 con 40 expositores y 168 metros lineales de exposici\u00f3n, donde se mostrar\u00e1n minerales y f\u00f3siles procedentes de distintos puntos del mundo, muchos de ellos de gran rareza y valor cient\u00edfico.<\/p>\n<p>El presidente de FAEPU, Carlos Bernab\u00e9, explic\u00f3 que el meteorito protagonista de esta edici\u00f3n procede de la famosa lluvia de meteoritos ca\u00edda hace aproximadamente 4.000 a\u00f1os en Campo de Cielo, en Argentina. \u00abSe trata de una pieza espectacular compuesta de n\u00edquel y hierro puro nativo, con una densidad mucho mayor que la de los materiales existentes en la Tierra, lo que explica su enorme peso. Es una oportunidad \u00fanica para contemplar una pieza realmente extraordinaria\u00bb, se\u00f1al\u00f3.<\/p>\n<p>Entre las novedades de esta edici\u00f3n destaca tambi\u00e9n la instalaci\u00f3n de un planetario de 36 metros, en el que el p\u00fablico podr\u00e1 vivir una experiencia inmersiva y observar, dentro de su c\u00fapula y mediante proyecciones y efectos l\u00e1ser, im\u00e1genes realistas de estrellas, planetas y otros objetos celestes.<\/p>\n<p>En cuanto a los minerales, la Feria contar\u00e1 con piezas de gran inter\u00e9s, entre ellas baritas procedentes de la Sierra Minera de Cartagena-La Uni\u00f3n, consideradas entre las m\u00e1s apreciadas y de mayor calidad del mundo. Asimismo, se expondr\u00e1n minerales internacionales de gran rareza, como smoky quartz procedentes de Jap\u00f3n, fluoritas con zonas de color de Yindu (China) y cuarzos lemurianos y parisitas de Colombia.<\/p>\n<p>En el apartado dedicado a los f\u00f3siles se podr\u00e1 contemplar la reproducci\u00f3n de un lince encontrado en el yacimiento paleontol\u00f3gico de Quibas, en Abanilla, con una antig\u00fcedad aproximada de un mill\u00f3n de a\u00f1os y cuyo ADN corresponde a la Regi\u00f3n de Murcia.<\/p>\n<p>Adem\u00e1s, la Feria se ha incorporado al programa \u2018Retos UPCT\u2019, lo que permitir\u00e1 analizar con rigor cient\u00edfico tanto las estad\u00edsticas de visitantes como el impacto econ\u00f3mico que genera este evento.<\/p>\n<p>Por su parte, el director general de Impulso al Comercio, Rafael G\u00f3mez, reiter\u00f3 el compromiso del Gobierno regional con esta iniciativa. \u00abLa Feria tiene un doble valor: divulgativo, al acercar al p\u00fablico el mundo de los minerales y los f\u00f3siles, y econ\u00f3mico, por el importante impacto que genera en el municipio y su entorno\u00bb, se\u00f1al\u00f3.<\/p>\n<p>El alcalde de La Uni\u00f3n, Joaqu\u00edn Zapata, destac\u00f3 la importancia de esta cita dentro del calendario cultural y tur\u00edstico del municipio. \u00abLa Uni\u00f3n es un municipio flamenco y minero, y esta Feria refleja perfectamente nuestra identidad y nuestras ra\u00edces. Junto al Festival Internacional del Cante de las Minas y las celebraciones religiosas, la Feria de Minerales y F\u00f3siles se ha consolidado como uno de los grandes eventos que celebramos cada a\u00f1o en nuestra ciudad\u00bb, afirm\u00f3.<\/p>\n<p>La XXVIII Feria de Minerales y F\u00f3siles de La Uni\u00f3n se celebrar\u00e1 coincidiendo con la Semana Santa Minera, los d\u00edas 2, 3 y 4 de abril, en el Pabell\u00f3n Polideportivo Ram\u00f3n Solano, en horario de 10:00 a 14:00 horas y de 17:00 a 21:00 horas, excepto el s\u00e1bado, cuando se clausurar\u00e1 a las 20:00 horas. La entrada ser\u00e1 gratuita y el recinto contar\u00e1 con parking gratuito y se\u00f1alizado a escasos metros del pabell\u00f3n para facilitar el acceso de los visitantes.<\/p>\n<p>En la presentaci\u00f3n tambi\u00e9n estuvieron presentes el director t\u00e9cnico de la feria, Eliecer P\u00e9rez; el secretario de FAEPU, Mariano Miranda; los presidentes de la Asociaci\u00f3n de Hosteleros y del Comercio Minorista de La Uni\u00f3n, Tom\u00e1s Conesa y Estanislao Mart\u00ednez; la segunda teniente de alcalde y concejal de Hacienda, Teresa L\u00f3pez; y el concejal de Urbanismo, Gin\u00e9s Guzm\u00e1n.<\/p>\n","protected":false},"excerpt":{"rendered":"<p>El evento reunir\u00e1 a 40 expositores y ofrecer\u00e1 experiencias \u00fanicas como un planetario inmersivo durante los d\u00edas 2, 3 y 4 de abril en el Pabell\u00f3n Ram\u00f3n Solano El municipio de La Uni\u00f3n volver\u00e1 a convertirse en referente del mundo mineral\u00f3gico con la celebraci\u00f3n de la XXVIII Feria de Minerales y F\u00f3siles, que este a\u00f1o [&hellip;]<\/p>\n","protected":false},"author":2,"featured_media":2745,"comment_status":"closed","ping_status":"closed","sticky":false,"template":"","format":"standard","meta":{"footnotes":""},"categories":[5],"tags":[],"class_list":["post-2744","post","type-post","status-publish","format-standard","has-post-thumbnail","hentry","category-noticias"],"_links":{"self":[{"href":"https:\/\/radiounion.es\/index.php\/wp-json\/wp\/v2\/posts\/2744","targetHints":{"allow":["GET"]}}],"collection":[{"href":"https:\/\/radiounion.es\/index.php\/wp-json\/wp\/v2\/posts"}],"about":[{"href":"https:\/\/radiounion.es\/index.php\/wp-json\/wp\/v2\/types\/post"}],"author":[{"embeddable":true,"href":"https:\/\/radiounion.es\/index.php\/wp-json\/wp\/v2\/users\/2"}],"replies":[{"embeddable":true,"href":"https:\/\/radiounion.es\/index.php\/wp-json\/wp\/v2\/comments?post=2744"}],"version-history":[{"count":1,"href":"https:\/\/radiounion.es\/index.php\/wp-json\/wp\/v2\/posts\/2744\/revisions"}],"predecessor-version":[{"id":2746,"href":"https:\/\/radiounion.es\/index.php\/wp-json\/wp\/v2\/posts\/2744\/revisions\/2746"}],"wp:featuredmedia":[{"embeddable":true,"href":"https:\/\/radiounion.es\/index.php\/wp-json\/wp\/v2\/media\/2745"}],"wp:attachment":[{"href":"https:\/\/radiounion.es\/index.php\/wp-json\/wp\/v2\/media?parent=2744"}],"wp:term":[{"taxonomy":"category","embeddable":true,"href":"https:\/\/radiounion.es\/index.php\/wp-json\/wp\/v2\/categories?post=2744"},{"taxonomy":"post_tag","embeddable":true,"href":"https:\/\/radiounion.es\/index.php\/wp-json\/wp\/v2\/tags?post=2744"}],"curies":[{"name":"wp","href":"https:\/\/api.w.org\/{rel}","templated":true}]}}