{"id":2876,"date":"2026-04-27T11:02:20","date_gmt":"2026-04-27T09:02:20","guid":{"rendered":"https:\/\/radiounion.es\/?p=2876"},"modified":"2026-04-27T11:05:46","modified_gmt":"2026-04-27T09:05:46","slug":"ii-gala-de-visualizacion-de-artistas-unionenses","status":"publish","type":"post","link":"https:\/\/radiounion.es\/index.php\/2026\/04\/27\/ii-gala-de-visualizacion-de-artistas-unionenses\/","title":{"rendered":"II Gala de Visualizaci\u00f3n de Artistas Unionenses"},"content":{"rendered":"<p>El pasado jueves 23 de abril tuvo lugar una entrevista especial con Anna Gamb\u00edn, quien estuvo acompa\u00f1ada por varios protagonistas de la II Gala de Visibilizaci\u00f3n de Artistas Unionenses.<\/p>\n<p>Durante el programa, participaron Andr\u00e9s Navarro, Herminio Campillo, Lola Mart\u00ednez, Rake911 y Carlos Cegarra, quienes compartieron sus experiencias y adelantaron detalles del evento.<\/p>\n<p>La entrevista sirvi\u00f3 como antesala de la II Gala, celebrada el pasado 25 de abril a las 20:00 horas en el sal\u00f3n de actos del Museo Minero de La Uni\u00f3n. El encuentro puso en valor el talento local y la diversidad art\u00edstica del municipio, destacando la importancia de dar visibilidad a los creadores unionenses en diferentes disciplinas.<br \/>\n<iframe style=\"width: 100%;\" src=\"https:\/\/www.ivoox.com\/player_ej_172614440_6_1.html?c1\" height=\"200\" frameborder=\"0\" scrolling=\"no\" allowfullscreen=\"allowfullscreen\"><\/iframe><\/p>\n","protected":false},"excerpt":{"rendered":"<p>El pasado jueves 23 de abril tuvo lugar una entrevista especial con Anna Gamb\u00edn, quien estuvo acompa\u00f1ada por varios protagonistas de la II Gala de Visibilizaci\u00f3n de Artistas Unionenses. Durante el programa, participaron Andr\u00e9s Navarro, Herminio Campillo, Lola Mart\u00ednez, Rake911 y Carlos Cegarra, quienes compartieron sus experiencias y adelantaron detalles del evento. La entrevista sirvi\u00f3 [&hellip;]<\/p>\n","protected":false},"author":2,"featured_media":2877,"comment_status":"closed","ping_status":"closed","sticky":false,"template":"","format":"standard","meta":{"footnotes":""},"categories":[7],"tags":[],"class_list":["post-2876","post","type-post","status-publish","format-standard","has-post-thumbnail","hentry","category-podcast"],"_links":{"self":[{"href":"https:\/\/radiounion.es\/index.php\/wp-json\/wp\/v2\/posts\/2876","targetHints":{"allow":["GET"]}}],"collection":[{"href":"https:\/\/radiounion.es\/index.php\/wp-json\/wp\/v2\/posts"}],"about":[{"href":"https:\/\/radiounion.es\/index.php\/wp-json\/wp\/v2\/types\/post"}],"author":[{"embeddable":true,"href":"https:\/\/radiounion.es\/index.php\/wp-json\/wp\/v2\/users\/2"}],"replies":[{"embeddable":true,"href":"https:\/\/radiounion.es\/index.php\/wp-json\/wp\/v2\/comments?post=2876"}],"version-history":[{"count":2,"href":"https:\/\/radiounion.es\/index.php\/wp-json\/wp\/v2\/posts\/2876\/revisions"}],"predecessor-version":[{"id":2879,"href":"https:\/\/radiounion.es\/index.php\/wp-json\/wp\/v2\/posts\/2876\/revisions\/2879"}],"wp:featuredmedia":[{"embeddable":true,"href":"https:\/\/radiounion.es\/index.php\/wp-json\/wp\/v2\/media\/2877"}],"wp:attachment":[{"href":"https:\/\/radiounion.es\/index.php\/wp-json\/wp\/v2\/media?parent=2876"}],"wp:term":[{"taxonomy":"category","embeddable":true,"href":"https:\/\/radiounion.es\/index.php\/wp-json\/wp\/v2\/categories?post=2876"},{"taxonomy":"post_tag","embeddable":true,"href":"https:\/\/radiounion.es\/index.php\/wp-json\/wp\/v2\/tags?post=2876"}],"curies":[{"name":"wp","href":"https:\/\/api.w.org\/{rel}","templated":true}]}}