{"id":357,"date":"2024-03-19T11:30:51","date_gmt":"2024-03-19T10:30:51","guid":{"rendered":"https:\/\/radiounion.es\/?p=357"},"modified":"2024-03-19T11:30:51","modified_gmt":"2024-03-19T10:30:51","slug":"turbo-rock-21-de-febrero-de-2024","status":"publish","type":"post","link":"https:\/\/radiounion.es\/index.php\/2024\/03\/19\/turbo-rock-21-de-febrero-de-2024\/","title":{"rendered":"Turbo Rock 21 de Febrero de 2024"},"content":{"rendered":"<p>Presentaci\u00f3n del \u00faltimo trabajo por parte de la formaci\u00f3n El Reno Renardo, todo un referente dentro del estilo, y bajo ese t\u00edtulo de Regreso Al Metalverso. Se incluye, durante el mismo, una tremenda entrevista de casi una hora de duraci\u00f3n con Jevo, vocalista y guitarra de la banda.<\/p>\n<p><audio class=\"wp-audio-shortcode\" id=\"audio-357-1\" preload=\"none\" style=\"width: 100%;\" controls=\"controls\"><source type=\"audio\/mpeg\" src=\"https:\/\/www.ivoox.com\/turbo-rock-21-02-2024_md_124708494_wp_1.mp3?_=1\" \/><a href=\"https:\/\/www.ivoox.com\/turbo-rock-21-02-2024_md_124708494_wp_1.mp3\">https:\/\/www.ivoox.com\/turbo-rock-21-02-2024_md_124708494_wp_1.mp3<\/a><\/audio> <a href=\"https:\/\/go.ivoox.com\/rf\/124708494\" title=\"Turbo Rock 21-02-2024\">Ir a descargar<\/a><\/p>\n","protected":false},"excerpt":{"rendered":"<p>Presentaci\u00f3n del \u00faltimo trabajo por parte de la formaci\u00f3n El Reno Renardo, todo un referente dentro del estilo, y bajo ese t\u00edtulo de Regreso Al Metalverso. Se incluye, durante el mismo, una tremenda entrevista de casi una hora de duraci\u00f3n con Jevo, vocalista y guitarra de la banda. Ir a descargar<\/p>\n","protected":false},"author":1,"featured_media":358,"comment_status":"open","ping_status":"open","sticky":false,"template":"","format":"standard","meta":{"footnotes":""},"categories":[13],"tags":[],"class_list":["post-357","post","type-post","status-publish","format-standard","has-post-thumbnail","hentry","category-turbo-rock"],"_links":{"self":[{"href":"https:\/\/radiounion.es\/index.php\/wp-json\/wp\/v2\/posts\/357","targetHints":{"allow":["GET"]}}],"collection":[{"href":"https:\/\/radiounion.es\/index.php\/wp-json\/wp\/v2\/posts"}],"about":[{"href":"https:\/\/radiounion.es\/index.php\/wp-json\/wp\/v2\/types\/post"}],"author":[{"embeddable":true,"href":"https:\/\/radiounion.es\/index.php\/wp-json\/wp\/v2\/users\/1"}],"replies":[{"embeddable":true,"href":"https:\/\/radiounion.es\/index.php\/wp-json\/wp\/v2\/comments?post=357"}],"version-history":[{"count":1,"href":"https:\/\/radiounion.es\/index.php\/wp-json\/wp\/v2\/posts\/357\/revisions"}],"predecessor-version":[{"id":359,"href":"https:\/\/radiounion.es\/index.php\/wp-json\/wp\/v2\/posts\/357\/revisions\/359"}],"wp:featuredmedia":[{"embeddable":true,"href":"https:\/\/radiounion.es\/index.php\/wp-json\/wp\/v2\/media\/358"}],"wp:attachment":[{"href":"https:\/\/radiounion.es\/index.php\/wp-json\/wp\/v2\/media?parent=357"}],"wp:term":[{"taxonomy":"category","embeddable":true,"href":"https:\/\/radiounion.es\/index.php\/wp-json\/wp\/v2\/categories?post=357"},{"taxonomy":"post_tag","embeddable":true,"href":"https:\/\/radiounion.es\/index.php\/wp-json\/wp\/v2\/tags?post=357"}],"curies":[{"name":"wp","href":"https:\/\/api.w.org\/{rel}","templated":true}]}}