{"id":360,"date":"2024-03-19T11:32:22","date_gmt":"2024-03-19T10:32:22","guid":{"rendered":"https:\/\/radiounion.es\/?p=360"},"modified":"2024-03-19T11:32:22","modified_gmt":"2024-03-19T10:32:22","slug":"turbo-rock-29-de-febrero-de-2024","status":"publish","type":"post","link":"https:\/\/radiounion.es\/index.php\/2024\/03\/19\/turbo-rock-29-de-febrero-de-2024\/","title":{"rendered":"Turbo Rock 29 de Febrero de 2024"},"content":{"rendered":"<p>Para esta ocasi\u00f3n dedicado a la presentaci\u00f3n del \u00faltimo trabajo por parte de la brutal formaci\u00f3n Mind Driller, llamados a convertirse en todo un referente dentro del estilo, ya que calidad tienen m\u00e1s que de sobra para ello, bajo ese t\u00edtulo de The Void. Se incluye, durante el mismo, una entrevista de m\u00e1s de dos horas de duraci\u00f3n con V Stone, vocalista de la banda, y a quien tuvimos presente al otro lado del hilo telef\u00f3nico.<\/p>\n<p><audio class=\"wp-audio-shortcode\" id=\"audio-360-1\" preload=\"none\" style=\"width: 100%;\" controls=\"controls\"><source type=\"audio\/mpeg\" src=\"https:\/\/www.ivoox.com\/turbo-rock-29-02-2024_md_125155888_wp_1.mp3?_=1\" \/><a href=\"https:\/\/www.ivoox.com\/turbo-rock-29-02-2024_md_125155888_wp_1.mp3\">https:\/\/www.ivoox.com\/turbo-rock-29-02-2024_md_125155888_wp_1.mp3<\/a><\/audio> <a href=\"https:\/\/go.ivoox.com\/rf\/125155888\" title=\"Turbo Rock 29-02-2024\">Ir a descargar<\/a><\/p>\n","protected":false},"excerpt":{"rendered":"<p>Para esta ocasi\u00f3n dedicado a la presentaci\u00f3n del \u00faltimo trabajo por parte de la brutal formaci\u00f3n Mind Driller, llamados a convertirse en todo un referente dentro del estilo, ya que calidad tienen m\u00e1s que de sobra para ello, bajo ese t\u00edtulo de The Void. Se incluye, durante el mismo, una entrevista de m\u00e1s de dos [&hellip;]<\/p>\n","protected":false},"author":1,"featured_media":361,"comment_status":"open","ping_status":"open","sticky":false,"template":"","format":"standard","meta":{"footnotes":""},"categories":[13],"tags":[],"class_list":["post-360","post","type-post","status-publish","format-standard","has-post-thumbnail","hentry","category-turbo-rock"],"_links":{"self":[{"href":"https:\/\/radiounion.es\/index.php\/wp-json\/wp\/v2\/posts\/360","targetHints":{"allow":["GET"]}}],"collection":[{"href":"https:\/\/radiounion.es\/index.php\/wp-json\/wp\/v2\/posts"}],"about":[{"href":"https:\/\/radiounion.es\/index.php\/wp-json\/wp\/v2\/types\/post"}],"author":[{"embeddable":true,"href":"https:\/\/radiounion.es\/index.php\/wp-json\/wp\/v2\/users\/1"}],"replies":[{"embeddable":true,"href":"https:\/\/radiounion.es\/index.php\/wp-json\/wp\/v2\/comments?post=360"}],"version-history":[{"count":1,"href":"https:\/\/radiounion.es\/index.php\/wp-json\/wp\/v2\/posts\/360\/revisions"}],"predecessor-version":[{"id":362,"href":"https:\/\/radiounion.es\/index.php\/wp-json\/wp\/v2\/posts\/360\/revisions\/362"}],"wp:featuredmedia":[{"embeddable":true,"href":"https:\/\/radiounion.es\/index.php\/wp-json\/wp\/v2\/media\/361"}],"wp:attachment":[{"href":"https:\/\/radiounion.es\/index.php\/wp-json\/wp\/v2\/media?parent=360"}],"wp:term":[{"taxonomy":"category","embeddable":true,"href":"https:\/\/radiounion.es\/index.php\/wp-json\/wp\/v2\/categories?post=360"},{"taxonomy":"post_tag","embeddable":true,"href":"https:\/\/radiounion.es\/index.php\/wp-json\/wp\/v2\/tags?post=360"}],"curies":[{"name":"wp","href":"https:\/\/api.w.org\/{rel}","templated":true}]}}