{"id":363,"date":"2024-03-19T11:33:31","date_gmt":"2024-03-19T10:33:31","guid":{"rendered":"https:\/\/radiounion.es\/?p=363"},"modified":"2024-03-20T12:05:45","modified_gmt":"2024-03-20T11:05:45","slug":"turbo-rock-7-de-marzo-de-2024","status":"publish","type":"post","link":"https:\/\/radiounion.es\/index.php\/2024\/03\/19\/turbo-rock-7-de-marzo-de-2024\/","title":{"rendered":"Turbo Rock 7 de Marzo de 2024"},"content":{"rendered":"<p>Presentaci\u00f3n del \u00faltimo trabajo por parte de la brutal formaci\u00f3n Aphonnic, y bajo ese t\u00edtulo de Crema. Se incluye, durante el mismo, una tremenda entrevista de casi dos horas de duraci\u00f3n con Chechu, vocalista de la banda, y a quien tuvimos presente al otro lado del hilo telef\u00f3nico.<\/p>\n<audio class=\"wp-audio-shortcode\" id=\"audio-363-1\" preload=\"none\" style=\"width: 100%;\" controls=\"controls\"><source type=\"audio\/mpeg\" src=\"https:\/\/www.ivoox.com\/turbo-rock-07-03-2024_md_125539936_wp_1.mp3?_=1\" \/><a href=\"https:\/\/www.ivoox.com\/turbo-rock-07-03-2024_md_125539936_wp_1.mp3\">https:\/\/www.ivoox.com\/turbo-rock-07-03-2024_md_125539936_wp_1.mp3<\/a><\/audio>\n<p><a title=\"Turbo Rock 07-03-2024\" href=\"https:\/\/go.ivoox.com\/rf\/125539936\">Ir a descargar<\/a><\/p>\n","protected":false},"excerpt":{"rendered":"<p>Presentaci\u00f3n del \u00faltimo trabajo por parte de la brutal formaci\u00f3n Aphonnic, y bajo ese t\u00edtulo de Crema. Se incluye, durante el mismo, una tremenda entrevista de casi dos horas de duraci\u00f3n con Chechu, vocalista de la banda, y a quien tuvimos presente al otro lado del hilo telef\u00f3nico. Ir a descargar<\/p>\n","protected":false},"author":1,"featured_media":364,"comment_status":"open","ping_status":"open","sticky":false,"template":"","format":"standard","meta":{"footnotes":""},"categories":[13],"tags":[],"class_list":["post-363","post","type-post","status-publish","format-standard","has-post-thumbnail","hentry","category-turbo-rock"],"_links":{"self":[{"href":"https:\/\/radiounion.es\/index.php\/wp-json\/wp\/v2\/posts\/363","targetHints":{"allow":["GET"]}}],"collection":[{"href":"https:\/\/radiounion.es\/index.php\/wp-json\/wp\/v2\/posts"}],"about":[{"href":"https:\/\/radiounion.es\/index.php\/wp-json\/wp\/v2\/types\/post"}],"author":[{"embeddable":true,"href":"https:\/\/radiounion.es\/index.php\/wp-json\/wp\/v2\/users\/1"}],"replies":[{"embeddable":true,"href":"https:\/\/radiounion.es\/index.php\/wp-json\/wp\/v2\/comments?post=363"}],"version-history":[{"count":2,"href":"https:\/\/radiounion.es\/index.php\/wp-json\/wp\/v2\/posts\/363\/revisions"}],"predecessor-version":[{"id":375,"href":"https:\/\/radiounion.es\/index.php\/wp-json\/wp\/v2\/posts\/363\/revisions\/375"}],"wp:featuredmedia":[{"embeddable":true,"href":"https:\/\/radiounion.es\/index.php\/wp-json\/wp\/v2\/media\/364"}],"wp:attachment":[{"href":"https:\/\/radiounion.es\/index.php\/wp-json\/wp\/v2\/media?parent=363"}],"wp:term":[{"taxonomy":"category","embeddable":true,"href":"https:\/\/radiounion.es\/index.php\/wp-json\/wp\/v2\/categories?post=363"},{"taxonomy":"post_tag","embeddable":true,"href":"https:\/\/radiounion.es\/index.php\/wp-json\/wp\/v2\/tags?post=363"}],"curies":[{"name":"wp","href":"https:\/\/api.w.org\/{rel}","templated":true}]}}