{"id":530,"date":"2024-04-09T10:40:27","date_gmt":"2024-04-09T08:40:27","guid":{"rendered":"https:\/\/radiounion.es\/?p=530"},"modified":"2024-04-09T10:40:27","modified_gmt":"2024-04-09T08:40:27","slug":"lo-nuestro-la-copla-09-de-marzo-de-2024","status":"publish","type":"post","link":"https:\/\/radiounion.es\/index.php\/2024\/04\/09\/lo-nuestro-la-copla-09-de-marzo-de-2024\/","title":{"rendered":"Lo Nuestro La Copla 09 de Marzo de 2024"},"content":{"rendered":"<p>Cada s\u00e1bado y domingo de 8 a 10 de la ma\u00f1ana la mejor m\u00fasica en espa\u00f1ol, copla, canci\u00f3n espa\u00f1ola, flamenco. Disfruta cada fin de semana de Lo Nuestro la Copla con Nagore Chiscano o vuelve a escucharlo donde y cuando quieras.<\/p>\n<audio class=\"wp-audio-shortcode\" id=\"audio-530-1\" preload=\"none\" style=\"width: 100%;\" controls=\"controls\"><source type=\"audio\/mpeg\" src=\"https:\/\/www.ivoox.com\/lo-nuestro-la-copla-09-marzo-2024_md_125932429_wp_1.mp3?_=1\" \/><a href=\"https:\/\/www.ivoox.com\/lo-nuestro-la-copla-09-marzo-2024_md_125932429_wp_1.mp3\">https:\/\/www.ivoox.com\/lo-nuestro-la-copla-09-marzo-2024_md_125932429_wp_1.mp3<\/a><\/audio>\n<p>&nbsp;<\/p>\n","protected":false},"excerpt":{"rendered":"<p>Cada s\u00e1bado y domingo de 8 a 10 de la ma\u00f1ana la mejor m\u00fasica en espa\u00f1ol, copla, canci\u00f3n espa\u00f1ola, flamenco. Disfruta cada fin de semana de Lo Nuestro la Copla con Nagore Chiscano o vuelve a escucharlo donde y cuando quieras. &nbsp;<\/p>\n","protected":false},"author":2,"featured_media":257,"comment_status":"open","ping_status":"open","sticky":false,"template":"","format":"standard","meta":{"footnotes":""},"categories":[11],"tags":[],"class_list":["post-530","post","type-post","status-publish","format-standard","has-post-thumbnail","hentry","category-pcd-lo-nuestro-la-copla"],"_links":{"self":[{"href":"https:\/\/radiounion.es\/index.php\/wp-json\/wp\/v2\/posts\/530","targetHints":{"allow":["GET"]}}],"collection":[{"href":"https:\/\/radiounion.es\/index.php\/wp-json\/wp\/v2\/posts"}],"about":[{"href":"https:\/\/radiounion.es\/index.php\/wp-json\/wp\/v2\/types\/post"}],"author":[{"embeddable":true,"href":"https:\/\/radiounion.es\/index.php\/wp-json\/wp\/v2\/users\/2"}],"replies":[{"embeddable":true,"href":"https:\/\/radiounion.es\/index.php\/wp-json\/wp\/v2\/comments?post=530"}],"version-history":[{"count":1,"href":"https:\/\/radiounion.es\/index.php\/wp-json\/wp\/v2\/posts\/530\/revisions"}],"predecessor-version":[{"id":531,"href":"https:\/\/radiounion.es\/index.php\/wp-json\/wp\/v2\/posts\/530\/revisions\/531"}],"wp:featuredmedia":[{"embeddable":true,"href":"https:\/\/radiounion.es\/index.php\/wp-json\/wp\/v2\/media\/257"}],"wp:attachment":[{"href":"https:\/\/radiounion.es\/index.php\/wp-json\/wp\/v2\/media?parent=530"}],"wp:term":[{"taxonomy":"category","embeddable":true,"href":"https:\/\/radiounion.es\/index.php\/wp-json\/wp\/v2\/categories?post=530"},{"taxonomy":"post_tag","embeddable":true,"href":"https:\/\/radiounion.es\/index.php\/wp-json\/wp\/v2\/tags?post=530"}],"curies":[{"name":"wp","href":"https:\/\/api.w.org\/{rel}","templated":true}]}}