{"id":532,"date":"2024-04-09T10:45:14","date_gmt":"2024-04-09T08:45:14","guid":{"rendered":"https:\/\/radiounion.es\/?p=532"},"modified":"2024-04-09T10:45:14","modified_gmt":"2024-04-09T08:45:14","slug":"lo-nuestro-la-copla-10-de-marzo-de-2024","status":"publish","type":"post","link":"https:\/\/radiounion.es\/index.php\/2024\/04\/09\/lo-nuestro-la-copla-10-de-marzo-de-2024\/","title":{"rendered":"Lo Nuestro La Copla 10 de Marzo de 2024"},"content":{"rendered":"<p>Cada s\u00e1bado y domingo de 8 a 10 de la ma\u00f1ana la mejor m\u00fasica en espa\u00f1ol, copla, canci\u00f3n espa\u00f1ola, flamenco. Disfruta cada fin de semana de Lo Nuestro la Copla con Nagore Chiscano o vuelve a escucharlo donde y cuando quieras.<\/p>\n<audio class=\"wp-audio-shortcode\" id=\"audio-532-1\" preload=\"none\" style=\"width: 100%;\" controls=\"controls\"><source type=\"audio\/mpeg\" src=\"https:\/\/www.ivoox.com\/lo-nuestro-la-copla-10-marzo-2024_md_125932508_wp_1.mp3?_=1\" \/><a href=\"https:\/\/www.ivoox.com\/lo-nuestro-la-copla-10-marzo-2024_md_125932508_wp_1.mp3\">https:\/\/www.ivoox.com\/lo-nuestro-la-copla-10-marzo-2024_md_125932508_wp_1.mp3<\/a><\/audio>\n<p>&nbsp;<\/p>\n<div id=\"mep_0\" class=\"mejs-container mejs-container-keyboard-inactive wp-audio-shortcode mejs-audio\" role=\"application\" aria-label=\"Reproductor de audio\">\n<div class=\"mejs-inner\">\n<div class=\"mejs-mediaelement\"><\/div>\n<div class=\"mejs-layers\"><\/div>\n<div class=\"mejs-controls\">\n<div class=\"mejs-button mejs-playpause-button mejs-play\"><\/div>\n<\/div>\n<\/div>\n<\/div>\n","protected":false},"excerpt":{"rendered":"<p>Cada s\u00e1bado y domingo de 8 a 10 de la ma\u00f1ana la mejor m\u00fasica en espa\u00f1ol, copla, canci\u00f3n espa\u00f1ola, flamenco. Disfruta cada fin de semana de Lo Nuestro la Copla con Nagore Chiscano o vuelve a escucharlo donde y cuando quieras. &nbsp;<\/p>\n","protected":false},"author":2,"featured_media":257,"comment_status":"open","ping_status":"open","sticky":false,"template":"","format":"standard","meta":{"footnotes":""},"categories":[11],"tags":[],"class_list":["post-532","post","type-post","status-publish","format-standard","has-post-thumbnail","hentry","category-pcd-lo-nuestro-la-copla"],"_links":{"self":[{"href":"https:\/\/radiounion.es\/index.php\/wp-json\/wp\/v2\/posts\/532","targetHints":{"allow":["GET"]}}],"collection":[{"href":"https:\/\/radiounion.es\/index.php\/wp-json\/wp\/v2\/posts"}],"about":[{"href":"https:\/\/radiounion.es\/index.php\/wp-json\/wp\/v2\/types\/post"}],"author":[{"embeddable":true,"href":"https:\/\/radiounion.es\/index.php\/wp-json\/wp\/v2\/users\/2"}],"replies":[{"embeddable":true,"href":"https:\/\/radiounion.es\/index.php\/wp-json\/wp\/v2\/comments?post=532"}],"version-history":[{"count":1,"href":"https:\/\/radiounion.es\/index.php\/wp-json\/wp\/v2\/posts\/532\/revisions"}],"predecessor-version":[{"id":533,"href":"https:\/\/radiounion.es\/index.php\/wp-json\/wp\/v2\/posts\/532\/revisions\/533"}],"wp:featuredmedia":[{"embeddable":true,"href":"https:\/\/radiounion.es\/index.php\/wp-json\/wp\/v2\/media\/257"}],"wp:attachment":[{"href":"https:\/\/radiounion.es\/index.php\/wp-json\/wp\/v2\/media?parent=532"}],"wp:term":[{"taxonomy":"category","embeddable":true,"href":"https:\/\/radiounion.es\/index.php\/wp-json\/wp\/v2\/categories?post=532"},{"taxonomy":"post_tag","embeddable":true,"href":"https:\/\/radiounion.es\/index.php\/wp-json\/wp\/v2\/tags?post=532"}],"curies":[{"name":"wp","href":"https:\/\/api.w.org\/{rel}","templated":true}]}}