{"id":587,"date":"2024-04-11T12:29:43","date_gmt":"2024-04-11T10:29:43","guid":{"rendered":"https:\/\/radiounion.es\/?p=587"},"modified":"2024-04-11T12:29:43","modified_gmt":"2024-04-11T10:29:43","slug":"entrevista-a-maqueda","status":"publish","type":"post","link":"https:\/\/radiounion.es\/index.php\/2024\/04\/11\/entrevista-a-maqueda\/","title":{"rendered":"Entrevista a Maqueda"},"content":{"rendered":"<p>El pasado jueves 14 de Marzo tuvimos el placer de tener al otro lado del tel\u00e9fono a Juan Antonio Maqueda, para hablarnos de su nuevo trabajo junto a nuestra compa\u00f1era Anna Gamb\u00edn en el programa A Orillas del Mediterraneo.<\/p>\n<p><audio class=\"wp-audio-shortcode\" id=\"audio-587-1\" preload=\"none\" style=\"width: 100%;\" controls=\"controls\"><source type=\"audio\/mpeg\" src=\"https:\/\/www.ivoox.com\/entrevista-maqueda-a-orillas-del-mediterraneo_md_125934599_wp_1.mp3?_=1\" \/><a href=\"https:\/\/www.ivoox.com\/entrevista-maqueda-a-orillas-del-mediterraneo_md_125934599_wp_1.mp3\">https:\/\/www.ivoox.com\/entrevista-maqueda-a-orillas-del-mediterraneo_md_125934599_wp_1.mp3<\/a><\/audio> <a href=\"https:\/\/go.ivoox.com\/rf\/125934599\" title=\"Entrevista Maqueda en A Orillas del Mediterraneo\">Ir a descargar<\/a><\/p>\n","protected":false},"excerpt":{"rendered":"<p>El pasado jueves 14 de Marzo tuvimos el placer de tener al otro lado del tel\u00e9fono a Juan Antonio Maqueda, para hablarnos de su nuevo trabajo junto a nuestra compa\u00f1era Anna Gamb\u00edn en el programa A Orillas del Mediterraneo. Ir a descargar<\/p>\n","protected":false},"author":1,"featured_media":257,"comment_status":"open","ping_status":"open","sticky":false,"template":"","format":"standard","meta":{"footnotes":""},"categories":[7],"tags":[],"class_list":["post-587","post","type-post","status-publish","format-standard","has-post-thumbnail","hentry","category-podcast"],"_links":{"self":[{"href":"https:\/\/radiounion.es\/index.php\/wp-json\/wp\/v2\/posts\/587","targetHints":{"allow":["GET"]}}],"collection":[{"href":"https:\/\/radiounion.es\/index.php\/wp-json\/wp\/v2\/posts"}],"about":[{"href":"https:\/\/radiounion.es\/index.php\/wp-json\/wp\/v2\/types\/post"}],"author":[{"embeddable":true,"href":"https:\/\/radiounion.es\/index.php\/wp-json\/wp\/v2\/users\/1"}],"replies":[{"embeddable":true,"href":"https:\/\/radiounion.es\/index.php\/wp-json\/wp\/v2\/comments?post=587"}],"version-history":[{"count":1,"href":"https:\/\/radiounion.es\/index.php\/wp-json\/wp\/v2\/posts\/587\/revisions"}],"predecessor-version":[{"id":588,"href":"https:\/\/radiounion.es\/index.php\/wp-json\/wp\/v2\/posts\/587\/revisions\/588"}],"wp:featuredmedia":[{"embeddable":true,"href":"https:\/\/radiounion.es\/index.php\/wp-json\/wp\/v2\/media\/257"}],"wp:attachment":[{"href":"https:\/\/radiounion.es\/index.php\/wp-json\/wp\/v2\/media?parent=587"}],"wp:term":[{"taxonomy":"category","embeddable":true,"href":"https:\/\/radiounion.es\/index.php\/wp-json\/wp\/v2\/categories?post=587"},{"taxonomy":"post_tag","embeddable":true,"href":"https:\/\/radiounion.es\/index.php\/wp-json\/wp\/v2\/tags?post=587"}],"curies":[{"name":"wp","href":"https:\/\/api.w.org\/{rel}","templated":true}]}}