{"id":589,"date":"2024-04-11T12:32:29","date_gmt":"2024-04-11T10:32:29","guid":{"rendered":"https:\/\/radiounion.es\/?p=589"},"modified":"2024-04-11T12:32:29","modified_gmt":"2024-04-11T10:32:29","slug":"entrevista-a-carlos-bernabe-presidente-de-faepu","status":"publish","type":"post","link":"https:\/\/radiounion.es\/index.php\/2024\/04\/11\/entrevista-a-carlos-bernabe-presidente-de-faepu\/","title":{"rendered":"Entrevista a Carlos Bernabe presidente de FAEPU"},"content":{"rendered":"<p>XXVI Feria de Minerales y F\u00f3siles, organizada por la Federaci\u00f3n de Asociaciones de Empresarios y Profesionales de La Uni\u00f3n (Faepu), y que tuvo lugar los d\u00edas 28, 29 y 30 de marzo, en el Antiguo Mercado P\u00fablico, coincidiendo con la Semana Santa Minera. Este a\u00f1o es destacado ya que la Feria ostenta el t\u00edtulo de Feria Comercial Oficial de la Regi\u00f3n de Murcia.<\/p>\n<p><audio class=\"wp-audio-shortcode\" id=\"audio-589-1\" preload=\"none\" style=\"width: 100%;\" controls=\"controls\"><source type=\"audio\/mpeg\" src=\"https:\/\/www.ivoox.com\/entrevista-a-carlos-bernabe-feria-minerales-y_md_127392957_wp_1.mp3?_=1\" \/><a href=\"https:\/\/www.ivoox.com\/entrevista-a-carlos-bernabe-feria-minerales-y_md_127392957_wp_1.mp3\">https:\/\/www.ivoox.com\/entrevista-a-carlos-bernabe-feria-minerales-y_md_127392957_wp_1.mp3<\/a><\/audio> <a href=\"https:\/\/go.ivoox.com\/rf\/127392957\" title=\"Entrevista a Carlos Bernabe Feria de Minerales y F\u00f3siles de La Uni\u00f3n\">Ir a descargar<\/a><\/p>\n","protected":false},"excerpt":{"rendered":"<p>XXVI Feria de Minerales y F\u00f3siles, organizada por la Federaci\u00f3n de Asociaciones de Empresarios y Profesionales de La Uni\u00f3n (Faepu), y que tuvo lugar los d\u00edas 28, 29 y 30 de marzo, en el Antiguo Mercado P\u00fablico, coincidiendo con la Semana Santa Minera. Este a\u00f1o es destacado ya que la Feria ostenta el t\u00edtulo de [&hellip;]<\/p>\n","protected":false},"author":1,"featured_media":257,"comment_status":"open","ping_status":"open","sticky":false,"template":"","format":"standard","meta":{"footnotes":""},"categories":[7],"tags":[],"class_list":["post-589","post","type-post","status-publish","format-standard","has-post-thumbnail","hentry","category-podcast"],"_links":{"self":[{"href":"https:\/\/radiounion.es\/index.php\/wp-json\/wp\/v2\/posts\/589","targetHints":{"allow":["GET"]}}],"collection":[{"href":"https:\/\/radiounion.es\/index.php\/wp-json\/wp\/v2\/posts"}],"about":[{"href":"https:\/\/radiounion.es\/index.php\/wp-json\/wp\/v2\/types\/post"}],"author":[{"embeddable":true,"href":"https:\/\/radiounion.es\/index.php\/wp-json\/wp\/v2\/users\/1"}],"replies":[{"embeddable":true,"href":"https:\/\/radiounion.es\/index.php\/wp-json\/wp\/v2\/comments?post=589"}],"version-history":[{"count":1,"href":"https:\/\/radiounion.es\/index.php\/wp-json\/wp\/v2\/posts\/589\/revisions"}],"predecessor-version":[{"id":591,"href":"https:\/\/radiounion.es\/index.php\/wp-json\/wp\/v2\/posts\/589\/revisions\/591"}],"wp:featuredmedia":[{"embeddable":true,"href":"https:\/\/radiounion.es\/index.php\/wp-json\/wp\/v2\/media\/257"}],"wp:attachment":[{"href":"https:\/\/radiounion.es\/index.php\/wp-json\/wp\/v2\/media?parent=589"}],"wp:term":[{"taxonomy":"category","embeddable":true,"href":"https:\/\/radiounion.es\/index.php\/wp-json\/wp\/v2\/categories?post=589"},{"taxonomy":"post_tag","embeddable":true,"href":"https:\/\/radiounion.es\/index.php\/wp-json\/wp\/v2\/tags?post=589"}],"curies":[{"name":"wp","href":"https:\/\/api.w.org\/{rel}","templated":true}]}}