{"id":610,"date":"2024-04-16T10:09:15","date_gmt":"2024-04-16T08:09:15","guid":{"rendered":"https:\/\/radiounion.es\/?p=610"},"modified":"2024-04-19T12:31:33","modified_gmt":"2024-04-19T10:31:33","slug":"encuentro-de-industria-musical-nacional-para-descubrir-talento-regional-este-sabado-en-cartagena","status":"publish","type":"post","link":"https:\/\/radiounion.es\/index.php\/2024\/04\/16\/encuentro-de-industria-musical-nacional-para-descubrir-talento-regional-este-sabado-en-cartagena\/","title":{"rendered":"Encuentro de la indrustria musical nacional para descubrir talento \u00e9ste s\u00e1bado en Cartagena"},"content":{"rendered":"<p class=\"x_MsoNormal\">BIG UP CALLES DE CARTAGENA es un proyecto que tiene como directriz ser escaparate de talento musical, dentro del \u00e1mbito de las m\u00fasicas populares, de una selecci\u00f3n de proyectos potencialmente emergentes con el objetivo de dar posibilidades para el desarrollo del talento art\u00edstico musical, y avanzar en el camino de su profesionalizaci\u00f3n dentro del sector, potenciando, a su vez, el desarrollo de industria local.<\/p>\n<p class=\"x_MsoNormal\">Con el patrocinio del Ayuntamiento de Cartagena, se presentar\u00e1n seis conciertos con un formato de directo especialmente desenchufado, creativo y simplificado, o, siguiendo las caracter\u00edsticas de los m\u00fasicos de la calle, para llamar la atenci\u00f3n de oficinas de management, promotores y discogr\u00e1ficas nacionales y regionales.<\/p>\n<p class=\"x_MsoNormal\">\u00a0<span lang=\"EN-US\">Hasta 30 profesionales delegados que trabajan en\u00a0 Sony Music, Warner Music, Mondosonoro, Last Tour, Baltimore, Crash Music, Radio 3, Los 40, Sold Out Magazine, TVE, Apple Music, Planeta Sonoro, Sold Out Mag, \u00a0etc.. \u00a0<\/span>se dar\u00e1n cita el 20 de abril en Cartagena, para ejercer de ojeadores y participar en un encuentro de networking con artistas noveles.<\/p>\n<p class=\"x_MsoNormal\">Gracias a MG Huertas Auto, que con motivo de la reciente apertura de un nuevo concesionario en Cartagena es colaborador de Big Up! Calles, se presentar\u00e1n\u00a0 SEIS modelos de veh\u00edculos sostenibles, el\u00e9ctricos y de nueva energ\u00eda, coincidiendo con los SEIS grupos seleccionados, y las SEIS ubicaciones a las que pondr\u00e1 nombre: BIG UP!\u00a0<span lang=\"EN-US\">MG Zs, BIG UP! MG Marvel, BIG UP! MG HS, BIG UP!\u00a0\u00a0<\/span>MG 4, BIG UP! MG ZSEV, BIG UP! MG EHS.<\/p>\n<p class=\"x_MsoNormal\">La exposici\u00f3n de estos coches ser\u00e1 una realidad en el \u00faltimo\u00a0 punto del recorrido.<\/p>\n<p class=\"x_MsoNormal\">El viernes 19 el programa de RNE, Ma\u00f1ana M\u00e1s con<b>\u00a0\u00c1ngel Carmona<\/b>\u00a0se dar\u00e1 cita en el patio del CIM, emitiendo en directo, desde Cartagena al mundo.<\/p>\n<p class=\"x_MsoNormal\">Seleccionados entre 51 propuestas inscritas, por el proceso de consulta con prensa especializada y profesionales del sector, y en atenci\u00f3n a un posible\u00a0 potencial de futuro desarrollo profesional:<\/p>\n<p><img fetchpriority=\"high\" decoding=\"async\" class=\"alignnone size-medium wp-image-611\" src=\"http:\/\/radiounion.es\/wp-content\/uploads\/2024\/04\/1-300x200.jpg\" alt=\"\" width=\"300\" height=\"200\" srcset=\"https:\/\/radiounion.es\/wp-content\/uploads\/2024\/04\/1-300x200.jpg 300w, https:\/\/radiounion.es\/wp-content\/uploads\/2024\/04\/1-1024x683.jpg 1024w, https:\/\/radiounion.es\/wp-content\/uploads\/2024\/04\/1-768x512.jpg 768w, https:\/\/radiounion.es\/wp-content\/uploads\/2024\/04\/1-1536x1024.jpg 1536w, https:\/\/radiounion.es\/wp-content\/uploads\/2024\/04\/1.jpg 2048w\" sizes=\"(max-width: 300px) 100vw, 300px\" \/><\/p>\n<p><b>12:30 h KARLAN Plaza de Ayuntamiento y H\u00e9roes de Cavite \u00a0<\/b>\u00a0\u00a0Melod\u00edas de pop rock con letras sobre positividad, ruptura con lo establecido, o sentimientos comunes, llenas de iron\u00eda y sabor, en un punto desde el que tendr\u00e1n como atrezzo, el grupo escult\u00f3rico conmemorativo a los espa\u00f1oles fallecidos en la Guerra hispano-estadounidense, realizado en 1923 por el escultor Julio Gonz\u00e1lez Pola y el Palacio Consistorial es, sin duda, uno de los m\u00e1s bellos edificios de Cartagena.<\/p>\n<p><img decoding=\"async\" class=\"size-medium wp-image-612\" src=\"http:\/\/radiounion.es\/wp-content\/uploads\/2024\/04\/2-225x300.jpg\" alt=\"\" width=\"225\" height=\"300\" srcset=\"https:\/\/radiounion.es\/wp-content\/uploads\/2024\/04\/2-225x300.jpg 225w, https:\/\/radiounion.es\/wp-content\/uploads\/2024\/04\/2-768x1024.jpg 768w, https:\/\/radiounion.es\/wp-content\/uploads\/2024\/04\/2.jpg 1105w\" sizes=\"(max-width: 225px) 100vw, 225px\" \/><\/p>\n<p><b>13:00 h ECLECTITONTA en Plaza San Sebasti\u00e1n<\/b>, una parte muy importante de la arteria de Cartagena que va desde la Plaza de Espa\u00f1a hasta el Muelle Alfonso XII. Con un tono ir\u00f3nico y divertido se mezcla con experiencias tanto personales como universales, e influencia de series, pel\u00edculas y, sobre todo, musicales de los 2000, Eclectitonta nace en el a\u00f1o 2022, donde Llanos Ruiz crea un personaje en el que deposita sus inquietudes, desencantos e inseguridades, tan propias de su generaci\u00f3n.<\/p>\n<p><img decoding=\"async\" class=\"alignnone size-medium wp-image-613\" src=\"http:\/\/radiounion.es\/wp-content\/uploads\/2024\/04\/3-300x188.jpg\" alt=\"\" width=\"300\" height=\"188\" srcset=\"https:\/\/radiounion.es\/wp-content\/uploads\/2024\/04\/3-300x188.jpg 300w, https:\/\/radiounion.es\/wp-content\/uploads\/2024\/04\/3-1024x641.jpg 1024w, https:\/\/radiounion.es\/wp-content\/uploads\/2024\/04\/3-768x481.jpg 768w, https:\/\/radiounion.es\/wp-content\/uploads\/2024\/04\/3.jpg 1069w\" sizes=\"(max-width: 300px) 100vw, 300px\" \/><\/p>\n<p><b>16: 30 h HELIO en \u00a0Plaza San Francisco<\/b>, el espacio que ocup\u00f3 el Convento de San Francisco, destacando la arquitectura modernista de la Casa Maestre inspirada en la Casa Calvet de Gaud\u00ed, \u00a0que servir\u00e1 de tel\u00f3n de fondo al escenario ocasional de \u00a0Jos\u00e9 Rodilla, m\u00fasico murciano que utiliza el indie pop como canal para hablar de la nostalgia de lo que pudo ser y no fue. \u00a0\u00a0Melancol\u00eda y energ\u00eda, dulzura y dramatismo, letras tristes y m\u00fasica pop.<\/p>\n<p><img loading=\"lazy\" decoding=\"async\" class=\"alignnone size-medium wp-image-614\" src=\"http:\/\/radiounion.es\/wp-content\/uploads\/2024\/04\/4-236x300.jpg\" alt=\"\" width=\"236\" height=\"300\" srcset=\"https:\/\/radiounion.es\/wp-content\/uploads\/2024\/04\/4-236x300.jpg 236w, https:\/\/radiounion.es\/wp-content\/uploads\/2024\/04\/4-807x1024.jpg 807w, https:\/\/radiounion.es\/wp-content\/uploads\/2024\/04\/4-768x975.jpg 768w, https:\/\/radiounion.es\/wp-content\/uploads\/2024\/04\/4-1210x1536.jpg 1210w, https:\/\/radiounion.es\/wp-content\/uploads\/2024\/04\/4.jpg 1613w\" sizes=\"(max-width: 236px) 100vw, 236px\" \/><\/p>\n<p><b>17:30 h CALARE en La linterna<\/b>, en Parque Torres, el Faro \u00e1rabe del siglo IX que se conserva a\u00fan como s\u00edmbolo que sirvi\u00f3 de gu\u00eda a los navegantes del puerto de Cartagena. Con un sonido influenciado por el emo y el pop punk estadounidense de los 2010, poco hecho en lengua castellana, donde las letras sinceras y emocionales se funden con unas instrumentales duras y contundentes, pero al mismo tiempo delicadas y mel\u00f3dicas, se presenta CALARE, una banda formada por cuatro\u00a0 chavales veintea\u00f1eros que nace en la primavera del 2022.<\/p>\n<p><img loading=\"lazy\" decoding=\"async\" class=\"alignnone size-medium wp-image-615\" src=\"http:\/\/radiounion.es\/wp-content\/uploads\/2024\/04\/5-240x300.jpg\" alt=\"\" width=\"240\" height=\"300\" srcset=\"https:\/\/radiounion.es\/wp-content\/uploads\/2024\/04\/5-240x300.jpg 240w, https:\/\/radiounion.es\/wp-content\/uploads\/2024\/04\/5-820x1024.jpg 820w, https:\/\/radiounion.es\/wp-content\/uploads\/2024\/04\/5-768x960.jpg 768w, https:\/\/radiounion.es\/wp-content\/uploads\/2024\/04\/5.jpg 1054w\" sizes=\"(max-width: 240px) 100vw, 240px\" \/><\/p>\n<p><b>19:30 h JOSE LUIS<\/b>\u00a0<b>en el Teatro Romano<\/b>, situado en el Cerro de la Concepci\u00f3n, la colina m\u00e1s alta de las cinco que configuran la topograf\u00eda de la ciudad. Con el escenario estar\u00e1 situado en el frente esc\u00e9nico cerrando el grader\u00edo y articulado en dos pisos decorados con columnas se presenta\u00a0 JOSELUIS con canciones que son su vida, en las que escribe como habla y toca como puede y canta como sabe. Jos\u00e9 Luis Beltr\u00e1n presenta m\u00fasica sincera bajo la influencia de Neil Young, Big Thief, Alex G o Elliott Smith, pero que suena a Joseluis. \u00a0<b>El acceso ser\u00e1 posible\u00a0 p\u00fablico general, hasta completar aforo, una vez cubierto los asientos de los delegados profesionales.<\/b><\/p>\n<p><img loading=\"lazy\" decoding=\"async\" class=\"alignnone size-medium wp-image-616\" src=\"http:\/\/radiounion.es\/wp-content\/uploads\/2024\/04\/6-240x300.jpg\" alt=\"\" width=\"240\" height=\"300\" srcset=\"https:\/\/radiounion.es\/wp-content\/uploads\/2024\/04\/6-240x300.jpg 240w, https:\/\/radiounion.es\/wp-content\/uploads\/2024\/04\/6-819x1024.jpg 819w, https:\/\/radiounion.es\/wp-content\/uploads\/2024\/04\/6-768x960.jpg 768w, https:\/\/radiounion.es\/wp-content\/uploads\/2024\/04\/6-1229x1536.jpg 1229w, https:\/\/radiounion.es\/wp-content\/uploads\/2024\/04\/6.jpg 1638w\" sizes=\"(max-width: 240px) 100vw, 240px\" \/><\/p>\n<p class=\"x_MsoNormal\"><b>20:30 h AIXA en Puerto de Cartagena (Espacio CUARENTAYTRES)<\/b>\u00a0Un proyecto de m\u00fasica urbana en el que se fusiona la m\u00fasica de ra\u00edz con sintetizadores y ritmos latinos, para homenajear a las mujeres de su vida, con letras de amor, desamor, dolor y supervivencia que se presenta en el Puerto de Cartagena\u00a0 ligado a la historia, y al desarrollo, configuraci\u00f3n, y personalidad de la Ciudad.<\/p>\n<p class=\"x_MsoNormal\">Big Up! Calles de Cartagena presenta, adem\u00e1s, una\u00a0<b>RUTA DE LA TAPA ESTRELLA DE LEVANTE<\/b>\u00a0con SEIS bares cartageneros,\u00a0 con la colaboraci\u00f3n de Estrella de Levante: La Cartela, A la Barra, Larvi, El Pellizco, La Tina Fina y Espacio Cuarentaytres. SEIS tapas que garantizan pasar un d\u00eda de\u00a0 especial descubrimiento\u00a0 en la ciudad de Cartagena.<\/p>\n<p><img loading=\"lazy\" decoding=\"async\" class=\"alignnone size-medium wp-image-617\" src=\"http:\/\/radiounion.es\/wp-content\/uploads\/2024\/04\/7-212x300.jpg\" alt=\"\" width=\"212\" height=\"300\" srcset=\"https:\/\/radiounion.es\/wp-content\/uploads\/2024\/04\/7-212x300.jpg 212w, https:\/\/radiounion.es\/wp-content\/uploads\/2024\/04\/7-724x1024.jpg 724w, https:\/\/radiounion.es\/wp-content\/uploads\/2024\/04\/7-768x1086.jpg 768w, https:\/\/radiounion.es\/wp-content\/uploads\/2024\/04\/7-1087x1536.jpg 1087w, https:\/\/radiounion.es\/wp-content\/uploads\/2024\/04\/7.jpg 1132w\" sizes=\"(max-width: 212px) 100vw, 212px\" \/><\/p>\n","protected":false},"excerpt":{"rendered":"<p>BIG UP CALLES DE CARTAGENA es un proyecto que tiene como directriz ser escaparate de talento musical, dentro del \u00e1mbito de las m\u00fasicas populares, de una selecci\u00f3n de proyectos potencialmente emergentes con el objetivo de dar posibilidades para el desarrollo del talento art\u00edstico musical, y avanzar en el camino de su profesionalizaci\u00f3n dentro del sector, [&hellip;]<\/p>\n","protected":false},"author":2,"featured_media":618,"comment_status":"open","ping_status":"open","sticky":false,"template":"","format":"standard","meta":{"footnotes":""},"categories":[5],"tags":[],"class_list":["post-610","post","type-post","status-publish","format-standard","has-post-thumbnail","hentry","category-noticias"],"_links":{"self":[{"href":"https:\/\/radiounion.es\/index.php\/wp-json\/wp\/v2\/posts\/610","targetHints":{"allow":["GET"]}}],"collection":[{"href":"https:\/\/radiounion.es\/index.php\/wp-json\/wp\/v2\/posts"}],"about":[{"href":"https:\/\/radiounion.es\/index.php\/wp-json\/wp\/v2\/types\/post"}],"author":[{"embeddable":true,"href":"https:\/\/radiounion.es\/index.php\/wp-json\/wp\/v2\/users\/2"}],"replies":[{"embeddable":true,"href":"https:\/\/radiounion.es\/index.php\/wp-json\/wp\/v2\/comments?post=610"}],"version-history":[{"count":4,"href":"https:\/\/radiounion.es\/index.php\/wp-json\/wp\/v2\/posts\/610\/revisions"}],"predecessor-version":[{"id":649,"href":"https:\/\/radiounion.es\/index.php\/wp-json\/wp\/v2\/posts\/610\/revisions\/649"}],"wp:featuredmedia":[{"embeddable":true,"href":"https:\/\/radiounion.es\/index.php\/wp-json\/wp\/v2\/media\/618"}],"wp:attachment":[{"href":"https:\/\/radiounion.es\/index.php\/wp-json\/wp\/v2\/media?parent=610"}],"wp:term":[{"taxonomy":"category","embeddable":true,"href":"https:\/\/radiounion.es\/index.php\/wp-json\/wp\/v2\/categories?post=610"},{"taxonomy":"post_tag","embeddable":true,"href":"https:\/\/radiounion.es\/index.php\/wp-json\/wp\/v2\/tags?post=610"}],"curies":[{"name":"wp","href":"https:\/\/api.w.org\/{rel}","templated":true}]}}