{"id":629,"date":"2024-04-18T12:35:59","date_gmt":"2024-04-18T10:35:59","guid":{"rendered":"http:\/\/radiounion.es\/?p=629"},"modified":"2024-04-18T13:08:21","modified_gmt":"2024-04-18T11:08:21","slug":"la-mar-de-musicas-2024-hara-un-especial-islas-del-mediterraneo","status":"publish","type":"post","link":"https:\/\/radiounion.es\/index.php\/2024\/04\/18\/la-mar-de-musicas-2024-hara-un-especial-islas-del-mediterraneo\/","title":{"rendered":"La Mar de M\u00fasicas 2024 har\u00e1 un Especial Islas del Mediterr\u00e1neo"},"content":{"rendered":"<p><strong>La Mar de M\u00fasicas har\u00e1 un Especial Islas del Mediterr\u00e1neo en su pr\u00f3xima edici\u00f3n, la n\u00famero 29<\/strong>. El festival, organizado por el\u00a0<strong>Ayuntamiento de Cartagena<\/strong>, se celebrar\u00e1 entre el 19 y el 27 de julio, centrando parte de su programaci\u00f3n musical y la de\u00a0sus actividades paralelas en islas como Sicilia, Cerde\u00f1a, Creta, Malta, Mallorca, C\u00f3rcega&#8230;<\/p>\n<p>\u00ab<strong>El Mediterr\u00e1neo es un mar que nos une en nuestra diversidad. Su historia es la de la interacci\u00f3n y mezcla\u00a0de\u00a0culturas<\/strong>. Es un puente cultural, que nos acerca y nos conecta.\u00a0Alrededor del Mediterr\u00e1neo y sus islas se han asentado\u00a0civilizaciones como la egipcia, fenicia, griega, cartaginesa, romana&#8230; Cartagena ha sido y es una de sus principales ciudades y con este Especial Islas del Mediterr\u00e1neo seremos de nuevo la ciudad que acoge las culturas de distintos pa\u00edses ba\u00f1ados por nuestro mar\u00bb ha indicado la alcaldesa de Cartagena,<strong>\u00a0Noelia Arroyo<\/strong>.<\/p>\n<p>\u00abArtistas de Mallorca, Menorca, Sicilia, Cerde\u00f1a, Malta, Creta, C\u00f3rcega&#8230; ser\u00e1n los protagonistas de la 29 edici\u00f3n de nuestro festival. Adem\u00e1s, y como es habitual,\u00a0<strong>todas nuestras programaciones paralelas de arte, cine y literatura girar\u00e1n alrededor del Especial Islas del Mediterr\u00e1neo<\/strong>\u00bb ha a\u00f1adido la alcaldesa.<\/p>\n<p>Toda la informaci\u00f3n sobre la programaci\u00f3n del festival se podr\u00e1 consultar hoy a partir de las 13 horas en lamardemusicas.com<\/p>\n<p>&nbsp;<\/p>\n<p>Fuente: lamardemusicas.cartagena.es<\/p>\n","protected":false},"excerpt":{"rendered":"<p>La Mar de M\u00fasicas har\u00e1 un Especial Islas del Mediterr\u00e1neo en su pr\u00f3xima edici\u00f3n, la n\u00famero 29. El festival, organizado por el\u00a0Ayuntamiento de Cartagena, se celebrar\u00e1 entre el 19 y el 27 de julio, centrando parte de su programaci\u00f3n musical y la de\u00a0sus actividades paralelas en islas como Sicilia, Cerde\u00f1a, Creta, Malta, Mallorca, C\u00f3rcega&#8230; \u00abEl [&hellip;]<\/p>\n","protected":false},"author":2,"featured_media":632,"comment_status":"open","ping_status":"open","sticky":false,"template":"","format":"standard","meta":{"footnotes":""},"categories":[5],"tags":[],"class_list":["post-629","post","type-post","status-publish","format-standard","has-post-thumbnail","hentry","category-noticias"],"_links":{"self":[{"href":"https:\/\/radiounion.es\/index.php\/wp-json\/wp\/v2\/posts\/629","targetHints":{"allow":["GET"]}}],"collection":[{"href":"https:\/\/radiounion.es\/index.php\/wp-json\/wp\/v2\/posts"}],"about":[{"href":"https:\/\/radiounion.es\/index.php\/wp-json\/wp\/v2\/types\/post"}],"author":[{"embeddable":true,"href":"https:\/\/radiounion.es\/index.php\/wp-json\/wp\/v2\/users\/2"}],"replies":[{"embeddable":true,"href":"https:\/\/radiounion.es\/index.php\/wp-json\/wp\/v2\/comments?post=629"}],"version-history":[{"count":1,"href":"https:\/\/radiounion.es\/index.php\/wp-json\/wp\/v2\/posts\/629\/revisions"}],"predecessor-version":[{"id":631,"href":"https:\/\/radiounion.es\/index.php\/wp-json\/wp\/v2\/posts\/629\/revisions\/631"}],"wp:featuredmedia":[{"embeddable":true,"href":"https:\/\/radiounion.es\/index.php\/wp-json\/wp\/v2\/media\/632"}],"wp:attachment":[{"href":"https:\/\/radiounion.es\/index.php\/wp-json\/wp\/v2\/media?parent=629"}],"wp:term":[{"taxonomy":"category","embeddable":true,"href":"https:\/\/radiounion.es\/index.php\/wp-json\/wp\/v2\/categories?post=629"},{"taxonomy":"post_tag","embeddable":true,"href":"https:\/\/radiounion.es\/index.php\/wp-json\/wp\/v2\/tags?post=629"}],"curies":[{"name":"wp","href":"https:\/\/api.w.org\/{rel}","templated":true}]}}