{"id":634,"date":"2024-04-18T13:41:53","date_gmt":"2024-04-18T11:41:53","guid":{"rendered":"https:\/\/radiounion.es\/?p=634"},"modified":"2024-04-19T12:32:58","modified_gmt":"2024-04-19T10:32:58","slug":"turbo-rock-10-de-abril-2024","status":"publish","type":"post","link":"https:\/\/radiounion.es\/index.php\/2024\/04\/18\/turbo-rock-10-de-abril-2024\/","title":{"rendered":"Turbo Rock 10 de Abril 2024"},"content":{"rendered":"<p>Edici\u00f3n semanal del programa Turbo Rock, para esta ocasi\u00f3n dedicado a la presentaci\u00f3n del \u00faltimo trabajo por parte de la brutal formaci\u00f3n Adventus, bajo ese t\u00edtulo de Lo Que Trajo El Viento. Se incluye, durante el mismo, una tremenda entrevista, de casi hora y media de duraci\u00f3n con Manuel Ramil, teclista, productor y principal compositor de la banda, y a quien tuvimos presente al otro lado del hilo telef\u00f3nico!!!<\/p>\n<p>Nos encontramos ante la nueva producci\u00f3n de la banda, y marcando su regreso tras Saudade, de 2022, y que supuso un fuerte punto de inflexi\u00f3n, en su trayectoria, con la salida de todos sus anteriores ya ex componentes cre\u00e1ndose una enorme pol\u00e9mica alrededor de esta situaci\u00f3n, con todo un tremendo salto cualitativo, editado de la mano del potente sello nacional Maldito Records, present\u00e1ndonos ya su tercer larga duraci\u00f3n, mostrando un trabajo cargado de gran potencia e intensidad, el cual transmite todo un c\u00famulo de emociones, y siendo el mismo, de nuevo, grabado, mezclado y producido por el propio Manu Ramil, en sus Tercera Planta Estudios, Ares.<\/p>\n<p>La portada ha corrido a cargo del fot\u00f3grafo Arnau Rectoret. Estamos ante un trabajo muy cuidado, y cargado de unas melod\u00edas que desprenden un br\u00edo incre\u00edble, con unas armon\u00edas muy expresivas, que hacen que nos sumerjamos de pleno en un trabajo muy completo, con unos cortes que har\u00e1n disfrutar a todos los fieles amantes del g\u00e9nero, invitando a los oyentes a descubrir nuevos matices con cada nueva escucha, con unas canciones que ya se definen por s\u00ed solas, y junto todo un est\u00e1ndar de personalidad y calidad, en d\u00f3nde podemos descubrir un \u00e1lbum distinto y, quiz\u00e1s, m\u00e1s Adventus que es de lo que se trata, de tener un sonido personal, y en el que muestran que, a pesar de los peores presagios, se encuentran m\u00e1s vivos que nunca.<\/p>\n<p>Sinceramente, es todo un enorme placer escuchar este brutal trabajo.<\/p>\n<p>Y sobre todo ya sab\u00e9is, dejad que el Metal fluya por vuestras venas con la fuerza del trueno&#8230;. en la tormenta!!!!!<\/p>\n<audio class=\"wp-audio-shortcode\" id=\"audio-634-1\" preload=\"none\" style=\"width: 100%;\" controls=\"controls\"><source type=\"audio\/mpeg\" src=\"https:\/\/www.ivoox.com\/turbo-rock-10-04-2024_md_127391589_wp_1.mp3?_=1\" \/><a href=\"https:\/\/www.ivoox.com\/turbo-rock-10-04-2024_md_127391589_wp_1.mp3\">https:\/\/www.ivoox.com\/turbo-rock-10-04-2024_md_127391589_wp_1.mp3<\/a><\/audio>\n<p>&nbsp;<\/p>\n","protected":false},"excerpt":{"rendered":"<p>Edici\u00f3n semanal del programa Turbo Rock, para esta ocasi\u00f3n dedicado a la presentaci\u00f3n del \u00faltimo trabajo por parte de la brutal formaci\u00f3n Adventus, bajo ese t\u00edtulo de Lo Que Trajo El Viento. Se incluye, durante el mismo, una tremenda entrevista, de casi hora y media de duraci\u00f3n con Manuel Ramil, teclista, productor y principal compositor [&hellip;]<\/p>\n","protected":false},"author":2,"featured_media":635,"comment_status":"open","ping_status":"open","sticky":false,"template":"","format":"standard","meta":{"footnotes":""},"categories":[13],"tags":[],"class_list":["post-634","post","type-post","status-publish","format-standard","has-post-thumbnail","hentry","category-turbo-rock"],"_links":{"self":[{"href":"https:\/\/radiounion.es\/index.php\/wp-json\/wp\/v2\/posts\/634","targetHints":{"allow":["GET"]}}],"collection":[{"href":"https:\/\/radiounion.es\/index.php\/wp-json\/wp\/v2\/posts"}],"about":[{"href":"https:\/\/radiounion.es\/index.php\/wp-json\/wp\/v2\/types\/post"}],"author":[{"embeddable":true,"href":"https:\/\/radiounion.es\/index.php\/wp-json\/wp\/v2\/users\/2"}],"replies":[{"embeddable":true,"href":"https:\/\/radiounion.es\/index.php\/wp-json\/wp\/v2\/comments?post=634"}],"version-history":[{"count":5,"href":"https:\/\/radiounion.es\/index.php\/wp-json\/wp\/v2\/posts\/634\/revisions"}],"predecessor-version":[{"id":650,"href":"https:\/\/radiounion.es\/index.php\/wp-json\/wp\/v2\/posts\/634\/revisions\/650"}],"wp:featuredmedia":[{"embeddable":true,"href":"https:\/\/radiounion.es\/index.php\/wp-json\/wp\/v2\/media\/635"}],"wp:attachment":[{"href":"https:\/\/radiounion.es\/index.php\/wp-json\/wp\/v2\/media?parent=634"}],"wp:term":[{"taxonomy":"category","embeddable":true,"href":"https:\/\/radiounion.es\/index.php\/wp-json\/wp\/v2\/categories?post=634"},{"taxonomy":"post_tag","embeddable":true,"href":"https:\/\/radiounion.es\/index.php\/wp-json\/wp\/v2\/tags?post=634"}],"curies":[{"name":"wp","href":"https:\/\/api.w.org\/{rel}","templated":true}]}}