{"id":652,"date":"2024-04-19T12:45:14","date_gmt":"2024-04-19T10:45:14","guid":{"rendered":"https:\/\/radiounion.es\/?p=652"},"modified":"2024-04-19T12:49:44","modified_gmt":"2024-04-19T10:49:44","slug":"las-minas-business-conectara-el-tejido-empresarial-de-la-region-con-el-flamenco","status":"publish","type":"post","link":"https:\/\/radiounion.es\/index.php\/2024\/04\/19\/las-minas-business-conectara-el-tejido-empresarial-de-la-region-con-el-flamenco\/","title":{"rendered":"\u2018Las Minas Business\u2019 conectar\u00e1 el tejido empresarial de la Regi\u00f3n con el flamenco"},"content":{"rendered":"<p>El Festival Internacional del Cante de las Minas promueve un evento que permitir\u00e1 a cerca de un centenar de empresas contribuir a la difusi\u00f3n y conservaci\u00f3n de este Patrimonio Inmaterial de la Humanidad<\/p>\n<p>Cuando se habla de un Patrimonio Inmaterial de la Humanidad, como es el flamenco, la tarea de protegerlo y conservarlo es un objetivo conjunto que implica a todos los agentes de la sociedad. En esta meta, las empresas adquieren un papel fundamental como precursoras de numerosas iniciativas que otorgan a este arte el papel que le corresponde.<\/p>\n<p>En esta labor, la Fundaci\u00f3n Cante de las Minas pone en marcha un evento pionero que a\u00fana el tejido empresarial de la Regi\u00f3n de Murcia en torno al flamenco. \u2018Las Minas Business\u2019 pretende crear sinergias y que este sector se involucre en la contribuci\u00f3n al fomento de esta cultura que desde La Uni\u00f3n y su Festival Internacional se proyecta a todo el mundo, y que convierte la historia en un legado a conservar. Ser\u00e1n en torno a un centenar de empresas las que formar\u00e1n parte de esta primera convocatoria que tendr\u00e1 lugar el pr\u00f3ximo 25 de abril, a partir de las 20:00h, en el Nuevo Museo Minero del municipio.<\/p>\n<p>\u201cQueremos que se convierta en un espacio donde los empresarios de la zona y alrededores puedan disfrutar del mundo del flamenco con espect\u00e1culos en directo, propiciando la comunicaci\u00f3n entre los diferentes agentes para que entiendan la importancia de respaldar su cultura m\u00e1s cercana\u201d, afirma el presidente de la Fundaci\u00f3n Cante de las Minas, Joaqu\u00edn Zapata<\/p>\n<p>El encuentro contar\u00e1 con la actuaci\u00f3n de la ganadora del premio \u2018Desplante\u2019 femenino 2023, Roc\u00edo Garrido, acompa\u00f1ada de su cuadro flamenco.<\/p>\n<p><img fetchpriority=\"high\" decoding=\"async\" class=\"alignnone size-medium wp-image-657\" src=\"http:\/\/radiounion.es\/wp-content\/uploads\/2024\/04\/museo-minero-300x225.jpg\" alt=\"\" width=\"300\" height=\"225\" srcset=\"https:\/\/radiounion.es\/wp-content\/uploads\/2024\/04\/museo-minero-300x225.jpg 300w, https:\/\/radiounion.es\/wp-content\/uploads\/2024\/04\/museo-minero-1024x767.jpg 1024w, https:\/\/radiounion.es\/wp-content\/uploads\/2024\/04\/museo-minero-768x575.jpg 768w, https:\/\/radiounion.es\/wp-content\/uploads\/2024\/04\/museo-minero-1536x1150.jpg 1536w, https:\/\/radiounion.es\/wp-content\/uploads\/2024\/04\/museo-minero.jpg 2048w\" sizes=\"(max-width: 300px) 100vw, 300px\" \/><\/p>\n","protected":false},"excerpt":{"rendered":"<p>El Festival Internacional del Cante de las Minas promueve un evento que permitir\u00e1 a cerca de un centenar de empresas contribuir a la difusi\u00f3n y conservaci\u00f3n de este Patrimonio Inmaterial de la Humanidad Cuando se habla de un Patrimonio Inmaterial de la Humanidad, como es el flamenco, la tarea de protegerlo y conservarlo es un [&hellip;]<\/p>\n","protected":false},"author":2,"featured_media":653,"comment_status":"open","ping_status":"open","sticky":false,"template":"","format":"standard","meta":{"footnotes":""},"categories":[5],"tags":[],"class_list":["post-652","post","type-post","status-publish","format-standard","has-post-thumbnail","hentry","category-noticias"],"_links":{"self":[{"href":"https:\/\/radiounion.es\/index.php\/wp-json\/wp\/v2\/posts\/652","targetHints":{"allow":["GET"]}}],"collection":[{"href":"https:\/\/radiounion.es\/index.php\/wp-json\/wp\/v2\/posts"}],"about":[{"href":"https:\/\/radiounion.es\/index.php\/wp-json\/wp\/v2\/types\/post"}],"author":[{"embeddable":true,"href":"https:\/\/radiounion.es\/index.php\/wp-json\/wp\/v2\/users\/2"}],"replies":[{"embeddable":true,"href":"https:\/\/radiounion.es\/index.php\/wp-json\/wp\/v2\/comments?post=652"}],"version-history":[{"count":5,"href":"https:\/\/radiounion.es\/index.php\/wp-json\/wp\/v2\/posts\/652\/revisions"}],"predecessor-version":[{"id":659,"href":"https:\/\/radiounion.es\/index.php\/wp-json\/wp\/v2\/posts\/652\/revisions\/659"}],"wp:featuredmedia":[{"embeddable":true,"href":"https:\/\/radiounion.es\/index.php\/wp-json\/wp\/v2\/media\/653"}],"wp:attachment":[{"href":"https:\/\/radiounion.es\/index.php\/wp-json\/wp\/v2\/media?parent=652"}],"wp:term":[{"taxonomy":"category","embeddable":true,"href":"https:\/\/radiounion.es\/index.php\/wp-json\/wp\/v2\/categories?post=652"},{"taxonomy":"post_tag","embeddable":true,"href":"https:\/\/radiounion.es\/index.php\/wp-json\/wp\/v2\/tags?post=652"}],"curies":[{"name":"wp","href":"https:\/\/api.w.org\/{rel}","templated":true}]}}