{"id":809,"date":"2024-04-30T10:20:04","date_gmt":"2024-04-30T08:20:04","guid":{"rendered":"https:\/\/radiounion.es\/?p=809"},"modified":"2024-04-30T10:20:04","modified_gmt":"2024-04-30T08:20:04","slug":"entrevista-a-la-compositora-edith-salazar","status":"publish","type":"post","link":"https:\/\/radiounion.es\/index.php\/2024\/04\/30\/entrevista-a-la-compositora-edith-salazar\/","title":{"rendered":"Entrevista a la compositora Edith Salazar"},"content":{"rendered":"<p>En la ma\u00f1ana de hoy martes, tuvimos el placer de tener al otro lado del hilo telef\u00f3nico a la compositora venezolana Edith Salazar en el programa A Orillas del Mediterr\u00e1neo con Anna Gamb\u00edn, para presentarnos su nuevo single bajo el t\u00edtulo de \u00abOrgullosa\u00bb<\/p>\n<p>Con letra de la propia artista y m\u00fasica compuesta entre ella y el prestigioso productor Igor Romero, el tema es toda una declaraci\u00f3n de<br \/>\nintenciones y una reivindicaci\u00f3n de lo que uno es y la libertad de ser. Edith Salazar derrocha todo su potencial vocal en un poderoso tema de corte afro beat, latin, disco.<\/p>\n<p>El single ir\u00e1 acompa\u00f1ado de un videoclip, dirigido por Garson, con una cuidada producci\u00f3n que reflejar\u00e1 toda la fuerza y el mensaje de una canci\u00f3n pensada para el empoderamiento a trav\u00e9s de la m\u00fasica y el baile.<\/p>\n<p>&nbsp;<\/p>\n<p>&nbsp;<\/p>\n<audio class=\"wp-audio-shortcode\" id=\"audio-809-1\" preload=\"none\" style=\"width: 100%;\" controls=\"controls\"><source type=\"audio\/mpeg\" src=\"https:\/\/www.ivoox.com\/entrevista-a-compositora-edith-salazar_md_128208318_wp_1.mp3?_=1\" \/><a href=\"https:\/\/www.ivoox.com\/entrevista-a-compositora-edith-salazar_md_128208318_wp_1.mp3\">https:\/\/www.ivoox.com\/entrevista-a-compositora-edith-salazar_md_128208318_wp_1.mp3<\/a><\/audio>\n<p>&nbsp;<\/p>\n<p>&nbsp;<\/p>\n<p>&nbsp;<\/p>\n<p><iframe title=\"Edith Salazar - Orgullosa (Official Video)\" width=\"800\" height=\"450\" src=\"https:\/\/www.youtube.com\/embed\/w3knRjDq39Q?feature=oembed\" frameborder=\"0\" allow=\"accelerometer; autoplay; clipboard-write; encrypted-media; gyroscope; picture-in-picture; web-share\" referrerpolicy=\"strict-origin-when-cross-origin\" allowfullscreen><\/iframe><\/p>\n<p>&nbsp;<\/p>\n","protected":false},"excerpt":{"rendered":"<p>En la ma\u00f1ana de hoy martes, tuvimos el placer de tener al otro lado del hilo telef\u00f3nico a la compositora venezolana Edith Salazar en el programa A Orillas del Mediterr\u00e1neo con Anna Gamb\u00edn, para presentarnos su nuevo single bajo el t\u00edtulo de \u00abOrgullosa\u00bb Con letra de la propia artista y m\u00fasica compuesta entre ella y [&hellip;]<\/p>\n","protected":false},"author":2,"featured_media":815,"comment_status":"open","ping_status":"open","sticky":false,"template":"","format":"standard","meta":{"footnotes":""},"categories":[7],"tags":[],"class_list":["post-809","post","type-post","status-publish","format-standard","has-post-thumbnail","hentry","category-podcast"],"_links":{"self":[{"href":"https:\/\/radiounion.es\/index.php\/wp-json\/wp\/v2\/posts\/809","targetHints":{"allow":["GET"]}}],"collection":[{"href":"https:\/\/radiounion.es\/index.php\/wp-json\/wp\/v2\/posts"}],"about":[{"href":"https:\/\/radiounion.es\/index.php\/wp-json\/wp\/v2\/types\/post"}],"author":[{"embeddable":true,"href":"https:\/\/radiounion.es\/index.php\/wp-json\/wp\/v2\/users\/2"}],"replies":[{"embeddable":true,"href":"https:\/\/radiounion.es\/index.php\/wp-json\/wp\/v2\/comments?post=809"}],"version-history":[{"count":1,"href":"https:\/\/radiounion.es\/index.php\/wp-json\/wp\/v2\/posts\/809\/revisions"}],"predecessor-version":[{"id":816,"href":"https:\/\/radiounion.es\/index.php\/wp-json\/wp\/v2\/posts\/809\/revisions\/816"}],"wp:featuredmedia":[{"embeddable":true,"href":"https:\/\/radiounion.es\/index.php\/wp-json\/wp\/v2\/media\/815"}],"wp:attachment":[{"href":"https:\/\/radiounion.es\/index.php\/wp-json\/wp\/v2\/media?parent=809"}],"wp:term":[{"taxonomy":"category","embeddable":true,"href":"https:\/\/radiounion.es\/index.php\/wp-json\/wp\/v2\/categories?post=809"},{"taxonomy":"post_tag","embeddable":true,"href":"https:\/\/radiounion.es\/index.php\/wp-json\/wp\/v2\/tags?post=809"}],"curies":[{"name":"wp","href":"https:\/\/api.w.org\/{rel}","templated":true}]}}