{"id":817,"date":"2024-04-30T10:48:07","date_gmt":"2024-04-30T08:48:07","guid":{"rendered":"https:\/\/radiounion.es\/?p=817"},"modified":"2024-04-30T10:58:43","modified_gmt":"2024-04-30T08:58:43","slug":"aprobados-los-proyectos-para-la-reapertura-del-parque-minero-y-la-mina-agrupa-vicenta","status":"publish","type":"post","link":"https:\/\/radiounion.es\/index.php\/2024\/04\/30\/aprobados-los-proyectos-para-la-reapertura-del-parque-minero-y-la-mina-agrupa-vicenta\/","title":{"rendered":"Aprobados los proyectos para la reapertura del Parque Minero y la Mina Agrupa Vicenta"},"content":{"rendered":"<p>Hoy se han aprobado, en Junta de Gobierno Local, los proyectos para la reapertura de la Mina Agrupa Vicenta y el Parque Minero de La Uni\u00f3n, por valor de 296.960,05 euros.<\/p>\n<p>El alcalde ha recordado que \u201cestamos realmente satisfechos por la reapertura del Parque Minero de La Uni\u00f3n y de la Mina Agrupa Vicenta y con estos proyectos estamos cada vez m\u00e1s cerca de conseguirlo. Han sido diez meses de trabajo muy duro porque la realidad es que se encontraba muy deteriorada pero ya, por fin, est\u00e1n los proyectos, est\u00e1n sentadas las bases para que pr\u00f3ximamente podamos conseguir su reapertura\u201d.<\/p>\n<p>Los proyectos incluyen las siguientes actuaciones:<\/p>\n<p>-Rehabilitaci\u00f3n estructural y adecuaci\u00f3n de instalaciones del Parque Minero: Museo Agrupa Vicenta en el t\u00e9rmino municipal de La Uni\u00f3n (Murcia): 150.000 euros.<\/p>\n<p>-Obras de adecuaci\u00f3n de varias edificaciones y exteriores del Parque Minero: 146.960,05 euros.<\/p>\n<p>&nbsp;<\/p>\n<p>Fuente: Ayuntamiento de La Uni\u00f3n<\/p>\n","protected":false},"excerpt":{"rendered":"<p>Hoy se han aprobado, en Junta de Gobierno Local, los proyectos para la reapertura de la Mina Agrupa Vicenta y el Parque Minero de La Uni\u00f3n, por valor de 296.960,05 euros. El alcalde ha recordado que \u201cestamos realmente satisfechos por la reapertura del Parque Minero de La Uni\u00f3n y de la Mina Agrupa Vicenta y [&hellip;]<\/p>\n","protected":false},"author":2,"featured_media":819,"comment_status":"open","ping_status":"open","sticky":false,"template":"","format":"standard","meta":{"footnotes":""},"categories":[5],"tags":[],"class_list":["post-817","post","type-post","status-publish","format-standard","has-post-thumbnail","hentry","category-noticias"],"_links":{"self":[{"href":"https:\/\/radiounion.es\/index.php\/wp-json\/wp\/v2\/posts\/817","targetHints":{"allow":["GET"]}}],"collection":[{"href":"https:\/\/radiounion.es\/index.php\/wp-json\/wp\/v2\/posts"}],"about":[{"href":"https:\/\/radiounion.es\/index.php\/wp-json\/wp\/v2\/types\/post"}],"author":[{"embeddable":true,"href":"https:\/\/radiounion.es\/index.php\/wp-json\/wp\/v2\/users\/2"}],"replies":[{"embeddable":true,"href":"https:\/\/radiounion.es\/index.php\/wp-json\/wp\/v2\/comments?post=817"}],"version-history":[{"count":3,"href":"https:\/\/radiounion.es\/index.php\/wp-json\/wp\/v2\/posts\/817\/revisions"}],"predecessor-version":[{"id":822,"href":"https:\/\/radiounion.es\/index.php\/wp-json\/wp\/v2\/posts\/817\/revisions\/822"}],"wp:featuredmedia":[{"embeddable":true,"href":"https:\/\/radiounion.es\/index.php\/wp-json\/wp\/v2\/media\/819"}],"wp:attachment":[{"href":"https:\/\/radiounion.es\/index.php\/wp-json\/wp\/v2\/media?parent=817"}],"wp:term":[{"taxonomy":"category","embeddable":true,"href":"https:\/\/radiounion.es\/index.php\/wp-json\/wp\/v2\/categories?post=817"},{"taxonomy":"post_tag","embeddable":true,"href":"https:\/\/radiounion.es\/index.php\/wp-json\/wp\/v2\/tags?post=817"}],"curies":[{"name":"wp","href":"https:\/\/api.w.org\/{rel}","templated":true}]}}