{"id":823,"date":"2024-05-02T08:59:40","date_gmt":"2024-05-02T06:59:40","guid":{"rendered":"https:\/\/radiounion.es\/?p=823"},"modified":"2024-05-02T08:59:40","modified_gmt":"2024-05-02T06:59:40","slug":"las-patronales-de-limpieza-de-la-region-y-ccoo-logran-un-nuevo-convenio-colectivo-en-cartagena","status":"publish","type":"post","link":"https:\/\/radiounion.es\/index.php\/2024\/05\/02\/las-patronales-de-limpieza-de-la-region-y-ccoo-logran-un-nuevo-convenio-colectivo-en-cartagena\/","title":{"rendered":"Las patronales de limpieza de la Regi\u00f3n y CCOO logran un nuevo convenio colectivo en Cartagena"},"content":{"rendered":"<p>La Asociaci\u00f3n de Empresas de Limpiezas, Edificios y Locales de la Regi\u00f3n de Murcia (ALEL), junto con ASPEL, Asociaci\u00f3n Profesional de Empresas de Limpieza y AELMU, y la Asociaci\u00f3n de de Empresas de Limpiezas de Murcia han llegado a un acuerdo con Comisiones Obreras (CCOO) para firmar el convenio colectivo que representar\u00e1 a los trabajadores.<\/p>\n<p>La firma se ha rubricado entre Manuel S\u00e1nchez Ju\u00e1rez, presidente de ALEL; Jos\u00e9 Francisco Parraga, en representaci\u00f3n de ASPEL; y Juan Ros Barranco, en representaci\u00f3n de AELMU; con Mar\u00eda Fern\u00e1ndez de Maya, secretaria general de CCOO-HABITAT.<\/p>\n<p>El presidente de ALEL, Manuel S\u00e1nchez Ju\u00e1rez, ha indicado\u00a0 que las negociaciones comenzaron en el mes de octubre y que \u201cafortunadamente se ha llegado a un acuerdo como siempre ha ocurrido en los \u00faltimos 47 a\u00f1os\u201d. Sobre este nuevo convenio colectivo tambi\u00e9n ha indicado el presidente de ALEL que hay \u201cunas subidas econ\u00f3micas, m\u00e1s d\u00edas de descanso, y unas asistencias m\u00e9dicas ampliadas\u201d.<\/p>\n<p>Por su parte, Mar\u00eda Fern\u00e1ndez de Maya, Secretaria General de CCOO, ha afirmado que es un \u201cconvenio\u00a0 digno\u201d aunque indica que ambas partes \u201cno estamos\u00a0 orgullosos del todo\u201d.<\/p>\n<p>Sobre las mejoras del convenio colectivo, Fern\u00e1ndez de Maya ha afirmado que habr\u00e1 \u201cun d\u00eda m\u00e1s de libre disposici\u00f3n, 1748 horas de trabajo anuales m\u00e1ximas para quien tenga la jornada completa, adem\u00e1s de mejoras para los trabajadores\u201d.<\/p>\n<p>La firma de este convenio colectivo se ha firmado en la sede de la Confederaci\u00f3n Comarcal de Organizaciones de Empresas de la Comarca de Cartagena (COEC), y tiene una vigencia para un periodo entre 2023 y 2027.<\/p>\n","protected":false},"excerpt":{"rendered":"<p>La Asociaci\u00f3n de Empresas de Limpiezas, Edificios y Locales de la Regi\u00f3n de Murcia (ALEL), junto con ASPEL, Asociaci\u00f3n Profesional de Empresas de Limpieza y AELMU, y la Asociaci\u00f3n de de Empresas de Limpiezas de Murcia han llegado a un acuerdo con Comisiones Obreras (CCOO) para firmar el convenio colectivo que representar\u00e1 a los trabajadores. [&hellip;]<\/p>\n","protected":false},"author":2,"featured_media":824,"comment_status":"open","ping_status":"open","sticky":false,"template":"","format":"standard","meta":{"footnotes":""},"categories":[5],"tags":[],"class_list":["post-823","post","type-post","status-publish","format-standard","has-post-thumbnail","hentry","category-noticias"],"_links":{"self":[{"href":"https:\/\/radiounion.es\/index.php\/wp-json\/wp\/v2\/posts\/823","targetHints":{"allow":["GET"]}}],"collection":[{"href":"https:\/\/radiounion.es\/index.php\/wp-json\/wp\/v2\/posts"}],"about":[{"href":"https:\/\/radiounion.es\/index.php\/wp-json\/wp\/v2\/types\/post"}],"author":[{"embeddable":true,"href":"https:\/\/radiounion.es\/index.php\/wp-json\/wp\/v2\/users\/2"}],"replies":[{"embeddable":true,"href":"https:\/\/radiounion.es\/index.php\/wp-json\/wp\/v2\/comments?post=823"}],"version-history":[{"count":1,"href":"https:\/\/radiounion.es\/index.php\/wp-json\/wp\/v2\/posts\/823\/revisions"}],"predecessor-version":[{"id":825,"href":"https:\/\/radiounion.es\/index.php\/wp-json\/wp\/v2\/posts\/823\/revisions\/825"}],"wp:featuredmedia":[{"embeddable":true,"href":"https:\/\/radiounion.es\/index.php\/wp-json\/wp\/v2\/media\/824"}],"wp:attachment":[{"href":"https:\/\/radiounion.es\/index.php\/wp-json\/wp\/v2\/media?parent=823"}],"wp:term":[{"taxonomy":"category","embeddable":true,"href":"https:\/\/radiounion.es\/index.php\/wp-json\/wp\/v2\/categories?post=823"},{"taxonomy":"post_tag","embeddable":true,"href":"https:\/\/radiounion.es\/index.php\/wp-json\/wp\/v2\/tags?post=823"}],"curies":[{"name":"wp","href":"https:\/\/api.w.org\/{rel}","templated":true}]}}