{"id":826,"date":"2024-05-02T09:44:57","date_gmt":"2024-05-02T07:44:57","guid":{"rendered":"https:\/\/radiounion.es\/?p=826"},"modified":"2024-05-02T09:54:04","modified_gmt":"2024-05-02T07:54:04","slug":"la-sierra-minera-se-restaurara-para-proteger-el-mar-menor-y-la-salud-de-sus-vecinos","status":"publish","type":"post","link":"https:\/\/radiounion.es\/index.php\/2024\/05\/02\/la-sierra-minera-se-restaurara-para-proteger-el-mar-menor-y-la-salud-de-sus-vecinos\/","title":{"rendered":"La Sierra Minera se restaurar\u00e1 para proteger el Mar Menor y la salud de sus vecinos."},"content":{"rendered":"<p>El Ministerio triplica el presupuesto para solucionar los problemas en balsas, suelos y cabeceras de ramblas contaminados con metales pesados en La Uni\u00f3n y Cartagena en un plazo de dos a\u00f1os y medio, dichas obras dar\u00e1n comienzo antes del verano y lo har\u00e1n empezando por el Llano del Beal.<\/p>\n<p>M\u00e1s de 710 hect\u00e1reas y 110 millones es la inversi\u00f3n para esta obra en la Sierra Minera y empezar\u00e1n antes del verano en el entorno de Llano del Beal y terminar\u00e1n en diciembre de 2026. Los trabajos se har\u00e1n en tres fases y trece proyectos (nueve dep\u00f3sitos de residuos y cuatro zonas de restauraci\u00f3n hidrol\u00f3gico-forestal), repartidos por nueve \u00e1reas del municipio cartagenero y unionense, todos ellos situados al Mar Menor.<\/p>\n<p>El Ministerio para la Transici\u00f3n Ecol\u00f3gica y el Reto Demogr\u00e1fico (Miteco) destinar\u00e1 110,8 millones de euros. Los objetivos principales son evitar la dispersi\u00f3n de contaminantes a las poblaciones cercanas, dado el riesgo para la salud p\u00fablica, y a la cuenca, as\u00ed como frenar el arrastre de metales y sedimentos a trav\u00e9s de las ramblas y su eventual filtraci\u00f3n al acu\u00edfero.<\/p>\n<p>&nbsp;<\/p>\n<p>&nbsp;<\/p>\n","protected":false},"excerpt":{"rendered":"<p>El Ministerio triplica el presupuesto para solucionar los problemas en balsas, suelos y cabeceras de ramblas contaminados con metales pesados en La Uni\u00f3n y Cartagena en un plazo de dos a\u00f1os y medio, dichas obras dar\u00e1n comienzo antes del verano y lo har\u00e1n empezando por el Llano del Beal. M\u00e1s de 710 hect\u00e1reas y 110 [&hellip;]<\/p>\n","protected":false},"author":2,"featured_media":827,"comment_status":"open","ping_status":"open","sticky":false,"template":"","format":"standard","meta":{"footnotes":""},"categories":[5],"tags":[],"class_list":["post-826","post","type-post","status-publish","format-standard","has-post-thumbnail","hentry","category-noticias"],"_links":{"self":[{"href":"https:\/\/radiounion.es\/index.php\/wp-json\/wp\/v2\/posts\/826","targetHints":{"allow":["GET"]}}],"collection":[{"href":"https:\/\/radiounion.es\/index.php\/wp-json\/wp\/v2\/posts"}],"about":[{"href":"https:\/\/radiounion.es\/index.php\/wp-json\/wp\/v2\/types\/post"}],"author":[{"embeddable":true,"href":"https:\/\/radiounion.es\/index.php\/wp-json\/wp\/v2\/users\/2"}],"replies":[{"embeddable":true,"href":"https:\/\/radiounion.es\/index.php\/wp-json\/wp\/v2\/comments?post=826"}],"version-history":[{"count":1,"href":"https:\/\/radiounion.es\/index.php\/wp-json\/wp\/v2\/posts\/826\/revisions"}],"predecessor-version":[{"id":828,"href":"https:\/\/radiounion.es\/index.php\/wp-json\/wp\/v2\/posts\/826\/revisions\/828"}],"wp:featuredmedia":[{"embeddable":true,"href":"https:\/\/radiounion.es\/index.php\/wp-json\/wp\/v2\/media\/827"}],"wp:attachment":[{"href":"https:\/\/radiounion.es\/index.php\/wp-json\/wp\/v2\/media?parent=826"}],"wp:term":[{"taxonomy":"category","embeddable":true,"href":"https:\/\/radiounion.es\/index.php\/wp-json\/wp\/v2\/categories?post=826"},{"taxonomy":"post_tag","embeddable":true,"href":"https:\/\/radiounion.es\/index.php\/wp-json\/wp\/v2\/tags?post=826"}],"curies":[{"name":"wp","href":"https:\/\/api.w.org\/{rel}","templated":true}]}}