{"id":832,"date":"2024-05-06T13:26:38","date_gmt":"2024-05-06T11:26:38","guid":{"rendered":"https:\/\/radiounion.es\/?p=832"},"modified":"2024-05-06T13:34:11","modified_gmt":"2024-05-06T11:34:11","slug":"las-lamparas-y-bordones-mineros-conquistan-granada","status":"publish","type":"post","link":"https:\/\/radiounion.es\/index.php\/2024\/05\/06\/las-lamparas-y-bordones-mineros-conquistan-granada\/","title":{"rendered":"Las l\u00e1mparas y bordones mineros conquistan Granada"},"content":{"rendered":"<p>La Pe\u00f1a La Plater\u00eda ha reunido por primera vez a los ganadores granadinos de los m\u00e1ximos galardones de cante y toque del Cante de las Minas en una gala con motivo de su 75 aniversario<\/p>\n<p>La actuaci\u00f3n subi\u00f3 al escenario a Juan Pinilla, Alfredo Tejada y Amparo Heredia al cante; Jos\u00e9 Ferm\u00edn Fern\u00e1ndez, \u00c1lvaro \u2018Martinete\u2019 y Juan Luis Campos \u2018El Poti\u2019 a la guitarra; y M\u00f3nica Iglesias al baile.<\/p>\n<p>Durante el evento, celebrado en el Teatro Alhambra, se anunci\u00f3 que la Pe\u00f1a volver\u00e1 a ser sede de una de las pruebas selectivas de la 63\u00aa edici\u00f3n del Festival.<\/p>\n<p>Si para el Festival Internacional del Cante de las Minas hablar de sus ganadores es hablar de orgullo, para los municipios que han visto a sus artistas llegar a lo m\u00e1s alto en La Uni\u00f3n, el orgullo se multiplica. As\u00ed sucedi\u00f3 el pasado s\u00e1bado en Granada, que abri\u00f3 las puertas del Teatro Alhambra para recibir a los artistas granadinos del flamenco que han conseguido alzarse con los m\u00e1ximos galardones del toque y el cante en el festival unionense.<\/p>\n<p>La cita se incluy\u00f3 dentro del programa de actividades con el que la Pe\u00f1a La Plater\u00eda de Granada celebra su 75 aniversario y que ha titulado \u2018Los grandes con La Plater\u00eda\u2019. El acto inaugural se centr\u00f3 en las \u2018L\u00e1mparas y Bordones\u2019 de Granada, haciendo que por primera vez coincidieran en el mismo escenario los ganadores de la \u2018L\u00e1mpara Minera\u2019 Juan Pinilla (2007), Alfredo Tejada (2017) y Amparo Heredia (2021); del \u2018Bord\u00f3n Minero\u2019 Jos\u00e9 Ferm\u00edn Fern\u00e1ndez (2019), \u00c1lvaro \u2018Martinete\u2019 (2021) y Juan Luis Campos \u2018El Poti\u2019 (2023); con la colaboraci\u00f3n de la ganadora del m\u00e1ximo galard\u00f3n al baile, el \u2018Desplante\u2019 2018, M\u00f3nica Iglesias.<\/p>\n<p>\u201cEsta idea original de la Pe\u00f1a La Plater\u00eda en homenaje a nuestro festival es una clara muestra de la importancia que tiene para estos artistas ganar en La Uni\u00f3n, adem\u00e1s de poner en valor el trabajo que se realiza desde las pe\u00f1as para potenciar el flamenco y crear cantera. Este arte que brota de sus tablas tiene en nuestro festival una oportunidad para impulsar sus carreras\u201d, indica el presidente de la Fundaci\u00f3n Cante de las Minas, Joaqu\u00edn Zapata, que estuvo presente en la gala junto al director del Festival, Julio Garc\u00eda Cegarra.<\/p>\n<p>Durante el evento tambi\u00e9n se inform\u00f3 de que las pruebas selectivas vuelven en esta 63\u00aa edici\u00f3n del Festival Internacional del Cante de las Minas a La Plater\u00eda.<\/p>\n","protected":false},"excerpt":{"rendered":"<p>La Pe\u00f1a La Plater\u00eda ha reunido por primera vez a los ganadores granadinos de los m\u00e1ximos galardones de cante y toque del Cante de las Minas en una gala con motivo de su 75 aniversario La actuaci\u00f3n subi\u00f3 al escenario a Juan Pinilla, Alfredo Tejada y Amparo Heredia al cante; Jos\u00e9 Ferm\u00edn Fern\u00e1ndez, \u00c1lvaro \u2018Martinete\u2019 [&hellip;]<\/p>\n","protected":false},"author":2,"featured_media":833,"comment_status":"open","ping_status":"open","sticky":false,"template":"","format":"standard","meta":{"footnotes":""},"categories":[5],"tags":[],"class_list":["post-832","post","type-post","status-publish","format-standard","has-post-thumbnail","hentry","category-noticias"],"_links":{"self":[{"href":"https:\/\/radiounion.es\/index.php\/wp-json\/wp\/v2\/posts\/832","targetHints":{"allow":["GET"]}}],"collection":[{"href":"https:\/\/radiounion.es\/index.php\/wp-json\/wp\/v2\/posts"}],"about":[{"href":"https:\/\/radiounion.es\/index.php\/wp-json\/wp\/v2\/types\/post"}],"author":[{"embeddable":true,"href":"https:\/\/radiounion.es\/index.php\/wp-json\/wp\/v2\/users\/2"}],"replies":[{"embeddable":true,"href":"https:\/\/radiounion.es\/index.php\/wp-json\/wp\/v2\/comments?post=832"}],"version-history":[{"count":1,"href":"https:\/\/radiounion.es\/index.php\/wp-json\/wp\/v2\/posts\/832\/revisions"}],"predecessor-version":[{"id":834,"href":"https:\/\/radiounion.es\/index.php\/wp-json\/wp\/v2\/posts\/832\/revisions\/834"}],"wp:featuredmedia":[{"embeddable":true,"href":"https:\/\/radiounion.es\/index.php\/wp-json\/wp\/v2\/media\/833"}],"wp:attachment":[{"href":"https:\/\/radiounion.es\/index.php\/wp-json\/wp\/v2\/media?parent=832"}],"wp:term":[{"taxonomy":"category","embeddable":true,"href":"https:\/\/radiounion.es\/index.php\/wp-json\/wp\/v2\/categories?post=832"},{"taxonomy":"post_tag","embeddable":true,"href":"https:\/\/radiounion.es\/index.php\/wp-json\/wp\/v2\/tags?post=832"}],"curies":[{"name":"wp","href":"https:\/\/api.w.org\/{rel}","templated":true}]}}