{"id":836,"date":"2024-05-07T08:21:29","date_gmt":"2024-05-07T06:21:29","guid":{"rendered":"https:\/\/radiounion.es\/?p=836"},"modified":"2024-05-07T09:16:56","modified_gmt":"2024-05-07T07:16:56","slug":"ii-festival-internacional-de-literatura-iluro-del-13-al-19-de-mayo-en-la-union","status":"publish","type":"post","link":"https:\/\/radiounion.es\/index.php\/2024\/05\/07\/ii-festival-internacional-de-literatura-iluro-del-13-al-19-de-mayo-en-la-union\/","title":{"rendered":"II Festival Internacional de Literatura Iluro del 13 al 19 de Mayo en La Uni\u00f3n"},"content":{"rendered":"<p>El alcalde present\u00f3 el pasado 30 de Abril la segunda edici\u00f3n del Festival Internacional de Literatura \u2018ILURO\u2019 que se celebrar\u00e1 del 13 al 19 de mayo en La Uni\u00f3n. Le han acompa\u00f1ado el director del festival, Victorio Melgarejo y la concejal de Cultura, Aurora R\u00f3denas.<\/p>\n<p>El edil destac\u00f3 que \u201cdespu\u00e9s de una primera edici\u00f3n sin precedentes, ya que nunca antes un festival de literatura hab\u00eda arrancado tan fuerte, hab\u00eda que hacer el esfuerzo para mantener el nivel y la calidad y creo que lo hemos conseguido, ya que muchos de los mejores autores y artistas de nuestro pa\u00eds, pertenecientes al mundo de la literatura, teatro y cine, van a estar presentes, logrando que nos encontremos ante un festival cultural de primera dimensi\u00f3n\u201d.<\/p>\n<p>Y a\u00f1adi\u00f3 que \u201chay que agradecer a todas las personas e instituciones que lo han hecho posible, a su director, Victorio Melgarejo, al Gobierno regional de Fernando L\u00f3pez Miras, a la Consejer\u00eda de Cultura y al Instituto de las Artes Esc\u00e9nicas por su apoyo constante e incesante a nuestro municipio, y que gracias a toda esta simbiosis logramos fomentar la cultura, la lectura entre todas las edades, especialmente entre los m\u00e1s j\u00f3venes, y ese el compromiso de este Ayuntamiento para que podamos seguir creciendo y mejorando d\u00eda a d\u00eda la cultura en La Uni\u00f3n y que siga siendo uno de nuestros grandes valores\u201d.<\/p>\n<p>La programaci\u00f3n del festival es la siguiente:<\/p>\n<p><strong><u>LUNES 13 DE MAYO:<\/u><\/strong><\/p>\n<p>18:30 horas. \u2013 El autor lorquino Francisco Jos\u00e9 Motos presenta la Saga Hist\u00f3rica \u2018El Abismo\u2019: \u2018El Abismo en la frontera\u2019 y \u2018Fajardo, el peso de la sangre\u2019. Coloquio con Jos\u00e9 Antonio Flores Yepes. Lugar: Sal\u00f3n de Actos del Ayuntamiento.<\/p>\n<p>20:30 horas. \u2013 El m\u00e1ximo exponente de la cultura urbana en Espa\u00f1a, el m\u00fasico madrile\u00f1o Rayden, presenta su libro \u2018Votos en contra\u2019. Coloquio con Jutxa R\u00f3denas. Lugar: Sal\u00f3n de Actos del Ayuntamiento.<\/p>\n<p><strong><u>MARTES 14 DE MAYO:<\/u><\/strong><\/p>\n<p>18:30 horas. \u2013 La coach colombiana Sol Jim\u00e9nez presenta el libro de crecimiento y desarrollo personal \u2018Cuando te conoc\u00ed me conoc\u00ed\u2019, en coloquio con la profesora Andrea del Pilar. Lugar: Sal\u00f3n de Actos del Ayuntamiento.<\/p>\n<p>20:30 horas. \u2013 El psic\u00f3logo, profesor de la UMU y uno de los grandes especialistas en psicolog\u00eda deportiva, Quique Garc\u00e9s presenta \u2018No: Leer, Ver, Sentir\u2019, en coloquio con la tambi\u00e9n psic\u00f3loga, Ana Peinado. Lugar: Sal\u00f3n de Actos del Ayuntamiento.<\/p>\n<p><strong><u>MI\u00c9RCOLES 15 DE MAYO:<\/u><\/strong><\/p>\n<p>18:30 horas. \u2013La autora murciana, Isabel Mar\u00eda Abell\u00e1n presenta el libro reci\u00e9n editado \u2018La infancia perdida y otros relatos\u2019, en coloquio con el unionense Jos\u00e9 Joaqu\u00edn Hern\u00e1ndez. Lugar: Sal\u00f3n de Actos del Ayuntamiento.<\/p>\n<p>20:30 horas. \u2013 Jes\u00fas L\u00f3pez Garc\u00eda presenta \u2018El viaje hacia el olvido de Te\u00f3filo Fern\u00e1ndez\u2019, en coloquio con Gonzalo Wandosell. Lugar: Sal\u00f3n de Actos del Ayuntamiento.<\/p>\n<p><strong><u>JUEVES 16 DE MAYO:<\/u><\/strong><\/p>\n<p>18:30 horas. \u2013 El conocido autor Paco L\u00f3pez Mengual presenta el libro \u2018Yo mat\u00e9 al Caudillo y otros relatos\u2019, en coloquio con Victorio Melgarejo. Lugar: Sal\u00f3n de Actos del Ayuntamiento.<\/p>\n<p>20:30 horas. \u2013 El famosos ilustrador Jos\u00e9 Manuel Puebla presenta su \u00faltimo libro \u2018La ventana indiscreta\u2019, en coloquio con la unionense Lola Mart\u00ednez. Lugar: Sal\u00f3n de Actos del Ayuntamiento.<\/p>\n<p><strong><u>VIERNES 17 DE MAYO:<\/u><\/strong><\/p>\n<p>18:30 horas. \u2013 El director de cine, hijo del gran actor Paco Rabal, Benito Rabal presenta el libro \u2018Gracias por mi vida: vida y obra de Paco Rabal\u2019. Lugar: Sal\u00f3n de Actos del Museo Minero.<\/p>\n<p>20:30 horas. \u2013 Proyecci\u00f3n del documental \u2018Generaci\u00f3n Lagartija\u2019, con el autor y director del mismo, C\u00e9sar Mart\u00ednez y coloquio con Antonio Arias (Lagartija Nick). Lugar: Sal\u00f3n de Actos del Museo Minero.<\/p>\n<p><strong><u>S\u00c1BADO 18 DE MAYO:<\/u><\/strong><\/p>\n<p>20:00 horas. \u2013 Presentaci\u00f3n del libro \u2018Cualquier verano es un final\u2019 del autor y director de cine Ray Loriga, en coloquio con Jer\u00f3nimo Tristante. Durante el acto se conceder\u00e1 el premio ILURO del Festival a Ray Loriga, galard\u00f3n que ser\u00e1 entregado por el alcalde. Lugar: Sal\u00f3n de Actos del Ayuntamiento.<\/p>\n<p><strong><u>DOMINGO 19 DE MAYO:<\/u><\/strong><\/p>\n<p>12:00 horas. \u2013 Representaci\u00f3n de la obra infantil \u2018El mago de Oz\u2019, a cargo del grupo Keko Teatro.<\/p>\n<p>&nbsp;<\/p>\n<p>Fuente: Ayuntamiento de La Uni\u00f3n<\/p>\n","protected":false},"excerpt":{"rendered":"<p>El alcalde present\u00f3 el pasado 30 de Abril la segunda edici\u00f3n del Festival Internacional de Literatura \u2018ILURO\u2019 que se celebrar\u00e1 del 13 al 19 de mayo en La Uni\u00f3n. Le han acompa\u00f1ado el director del festival, Victorio Melgarejo y la concejal de Cultura, Aurora R\u00f3denas. El edil destac\u00f3 que \u201cdespu\u00e9s de una primera edici\u00f3n sin [&hellip;]<\/p>\n","protected":false},"author":2,"featured_media":837,"comment_status":"open","ping_status":"open","sticky":false,"template":"","format":"standard","meta":{"footnotes":""},"categories":[5],"tags":[],"class_list":["post-836","post","type-post","status-publish","format-standard","has-post-thumbnail","hentry","category-noticias"],"_links":{"self":[{"href":"https:\/\/radiounion.es\/index.php\/wp-json\/wp\/v2\/posts\/836","targetHints":{"allow":["GET"]}}],"collection":[{"href":"https:\/\/radiounion.es\/index.php\/wp-json\/wp\/v2\/posts"}],"about":[{"href":"https:\/\/radiounion.es\/index.php\/wp-json\/wp\/v2\/types\/post"}],"author":[{"embeddable":true,"href":"https:\/\/radiounion.es\/index.php\/wp-json\/wp\/v2\/users\/2"}],"replies":[{"embeddable":true,"href":"https:\/\/radiounion.es\/index.php\/wp-json\/wp\/v2\/comments?post=836"}],"version-history":[{"count":2,"href":"https:\/\/radiounion.es\/index.php\/wp-json\/wp\/v2\/posts\/836\/revisions"}],"predecessor-version":[{"id":848,"href":"https:\/\/radiounion.es\/index.php\/wp-json\/wp\/v2\/posts\/836\/revisions\/848"}],"wp:featuredmedia":[{"embeddable":true,"href":"https:\/\/radiounion.es\/index.php\/wp-json\/wp\/v2\/media\/837"}],"wp:attachment":[{"href":"https:\/\/radiounion.es\/index.php\/wp-json\/wp\/v2\/media?parent=836"}],"wp:term":[{"taxonomy":"category","embeddable":true,"href":"https:\/\/radiounion.es\/index.php\/wp-json\/wp\/v2\/categories?post=836"},{"taxonomy":"post_tag","embeddable":true,"href":"https:\/\/radiounion.es\/index.php\/wp-json\/wp\/v2\/tags?post=836"}],"curies":[{"name":"wp","href":"https:\/\/api.w.org\/{rel}","templated":true}]}}