{"id":948,"date":"2024-05-15T09:15:32","date_gmt":"2024-05-15T07:15:32","guid":{"rendered":"https:\/\/radiounion.es\/?p=948"},"modified":"2024-05-15T11:04:17","modified_gmt":"2024-05-15T09:04:17","slug":"de-la-sierra-al-mar-15-de-mayo-2024","status":"publish","type":"post","link":"https:\/\/radiounion.es\/index.php\/2024\/05\/15\/de-la-sierra-al-mar-15-de-mayo-2024\/","title":{"rendered":"De la Sierra al Mar 15 de Mayo 2024"},"content":{"rendered":"<p>Cada mi\u00e9rcoles en el programa A Orillas del Mediterr\u00e1neo abrimos una ventana a la informaci\u00f3n que nos interesa de nuestra comarca. De la Sierra al Mar, programa presentado por Carlos Ill\u00e1n todos los mi\u00e9rcoles de 10 a 11 de la ma\u00f1ana en Radio Uni\u00f3n.<\/p>\n<audio class=\"wp-audio-shortcode\" id=\"audio-948-1\" preload=\"none\" style=\"width: 100%;\" controls=\"controls\"><source type=\"audio\/mpeg\" src=\"https:\/\/www.ivoox.com\/de-sierra-al-mar-15-mayo_md_128961371_wp_1.mp3?_=1\" \/><a href=\"https:\/\/www.ivoox.com\/de-sierra-al-mar-15-mayo_md_128961371_wp_1.mp3\">https:\/\/www.ivoox.com\/de-sierra-al-mar-15-mayo_md_128961371_wp_1.mp3<\/a><\/audio>\n<p>&nbsp;<\/p>\n","protected":false},"excerpt":{"rendered":"<p>Cada mi\u00e9rcoles en el programa A Orillas del Mediterr\u00e1neo abrimos una ventana a la informaci\u00f3n que nos interesa de nuestra comarca. De la Sierra al Mar, programa presentado por Carlos Ill\u00e1n todos los mi\u00e9rcoles de 10 a 11 de la ma\u00f1ana en Radio Uni\u00f3n. &nbsp;<\/p>\n","protected":false},"author":2,"featured_media":626,"comment_status":"open","ping_status":"open","sticky":false,"template":"","format":"standard","meta":{"footnotes":""},"categories":[7],"tags":[],"class_list":["post-948","post","type-post","status-publish","format-standard","has-post-thumbnail","hentry","category-podcast"],"_links":{"self":[{"href":"https:\/\/radiounion.es\/index.php\/wp-json\/wp\/v2\/posts\/948","targetHints":{"allow":["GET"]}}],"collection":[{"href":"https:\/\/radiounion.es\/index.php\/wp-json\/wp\/v2\/posts"}],"about":[{"href":"https:\/\/radiounion.es\/index.php\/wp-json\/wp\/v2\/types\/post"}],"author":[{"embeddable":true,"href":"https:\/\/radiounion.es\/index.php\/wp-json\/wp\/v2\/users\/2"}],"replies":[{"embeddable":true,"href":"https:\/\/radiounion.es\/index.php\/wp-json\/wp\/v2\/comments?post=948"}],"version-history":[{"count":2,"href":"https:\/\/radiounion.es\/index.php\/wp-json\/wp\/v2\/posts\/948\/revisions"}],"predecessor-version":[{"id":951,"href":"https:\/\/radiounion.es\/index.php\/wp-json\/wp\/v2\/posts\/948\/revisions\/951"}],"wp:featuredmedia":[{"embeddable":true,"href":"https:\/\/radiounion.es\/index.php\/wp-json\/wp\/v2\/media\/626"}],"wp:attachment":[{"href":"https:\/\/radiounion.es\/index.php\/wp-json\/wp\/v2\/media?parent=948"}],"wp:term":[{"taxonomy":"category","embeddable":true,"href":"https:\/\/radiounion.es\/index.php\/wp-json\/wp\/v2\/categories?post=948"},{"taxonomy":"post_tag","embeddable":true,"href":"https:\/\/radiounion.es\/index.php\/wp-json\/wp\/v2\/tags?post=948"}],"curies":[{"name":"wp","href":"https:\/\/api.w.org\/{rel}","templated":true}]}}