{"id":961,"date":"2024-05-17T08:30:17","date_gmt":"2024-05-17T06:30:17","guid":{"rendered":"https:\/\/radiounion.es\/?p=961"},"modified":"2024-05-17T08:30:17","modified_gmt":"2024-05-17T06:30:17","slug":"grupo-avanza-servicios-inicia-su-andadura-con-el-cante-de-las-minas","status":"publish","type":"post","link":"https:\/\/radiounion.es\/index.php\/2024\/05\/17\/grupo-avanza-servicios-inicia-su-andadura-con-el-cante-de-las-minas\/","title":{"rendered":"Grupo Avanza Servicios inicia su andadura con el Cante de las Minas"},"content":{"rendered":"<p>\u201cSomos flamencos y siempre venimos al Festival Internacional del Cante de las Minas\u201d. Con estas palabras, Antonio Campillo Pe\u00f1afiel, de Grupo Avanza Servicios, confiesa su conexi\u00f3n con el mayor evento cultural de la tierra en la que desarrollan su actividad, La Uni\u00f3n. Esta ma\u00f1ana ha firmado junto a Carmen Cabrera Molina, gerente del Grupo, y al presidente de la Fundaci\u00f3n Cante de las Minas, Joaqu\u00edn Zapata, el acuerdo de colaboraci\u00f3n que convierte a esta empresa dedicada a las reparaciones del hogar en patrocinadores, por primera vez, del evento de flamenco m\u00e1s prestigioso del mundo.<\/p>\n<p>\u201cTodos los unionenses que queremos esta tierra y estamos orgullosos de vivir en ella deber\u00edamos apoyar el Festival. Deber\u00eda ser una premisa al nacer\u201d, afirm\u00f3 Campillo tras la firma, mostrando su orgullo de colaborar con este proyecto.<\/p>\n<p>\u201cEs muy importante para nosotros, y un honor, trabajar con empresas que son de La Uni\u00f3n y que est\u00e1n implicadas con el tejido social, adem\u00e1s de fomentar el empleo en nuestro municipio\u201d, indic\u00f3 Zapata, que hizo alusi\u00f3n a la visibilidad que va a aportar \u201cesta marca por antonomasia\u201d a la nueva empresa patrocinadora.<\/p>\n","protected":false},"excerpt":{"rendered":"<p>\u201cSomos flamencos y siempre venimos al Festival Internacional del Cante de las Minas\u201d. Con estas palabras, Antonio Campillo Pe\u00f1afiel, de Grupo Avanza Servicios, confiesa su conexi\u00f3n con el mayor evento cultural de la tierra en la que desarrollan su actividad, La Uni\u00f3n. Esta ma\u00f1ana ha firmado junto a Carmen Cabrera Molina, gerente del Grupo, y [&hellip;]<\/p>\n","protected":false},"author":2,"featured_media":962,"comment_status":"open","ping_status":"open","sticky":false,"template":"","format":"standard","meta":{"footnotes":""},"categories":[5],"tags":[],"class_list":["post-961","post","type-post","status-publish","format-standard","has-post-thumbnail","hentry","category-noticias"],"_links":{"self":[{"href":"https:\/\/radiounion.es\/index.php\/wp-json\/wp\/v2\/posts\/961","targetHints":{"allow":["GET"]}}],"collection":[{"href":"https:\/\/radiounion.es\/index.php\/wp-json\/wp\/v2\/posts"}],"about":[{"href":"https:\/\/radiounion.es\/index.php\/wp-json\/wp\/v2\/types\/post"}],"author":[{"embeddable":true,"href":"https:\/\/radiounion.es\/index.php\/wp-json\/wp\/v2\/users\/2"}],"replies":[{"embeddable":true,"href":"https:\/\/radiounion.es\/index.php\/wp-json\/wp\/v2\/comments?post=961"}],"version-history":[{"count":1,"href":"https:\/\/radiounion.es\/index.php\/wp-json\/wp\/v2\/posts\/961\/revisions"}],"predecessor-version":[{"id":963,"href":"https:\/\/radiounion.es\/index.php\/wp-json\/wp\/v2\/posts\/961\/revisions\/963"}],"wp:featuredmedia":[{"embeddable":true,"href":"https:\/\/radiounion.es\/index.php\/wp-json\/wp\/v2\/media\/962"}],"wp:attachment":[{"href":"https:\/\/radiounion.es\/index.php\/wp-json\/wp\/v2\/media?parent=961"}],"wp:term":[{"taxonomy":"category","embeddable":true,"href":"https:\/\/radiounion.es\/index.php\/wp-json\/wp\/v2\/categories?post=961"},{"taxonomy":"post_tag","embeddable":true,"href":"https:\/\/radiounion.es\/index.php\/wp-json\/wp\/v2\/tags?post=961"}],"curies":[{"name":"wp","href":"https:\/\/api.w.org\/{rel}","templated":true}]}}